{"id":730,"date":"2016-11-30T20:43:07","date_gmt":"2016-11-30T19:43:07","guid":{"rendered":"http:\/\/www.freiraum-gestalten-menden.de\/Web\/?p=730"},"modified":"2024-04-25T13:25:28","modified_gmt":"2024-04-25T11:25:28","slug":"monika-grafs-hommage-an-anita-gross","status":"publish","type":"post","link":"https:\/\/www.freiraum-gestalten-menden.de\/Web\/2016\/11\/30\/monika-grafs-hommage-an-anita-gross\/","title":{"rendered":"Monika Grafs Hommage an Anita Gro\u00df"},"content":{"rendered":"<p>Am 11. Dezember 2015 starb Anita Gro\u00df, kurz nach ihrem 91. Geburtstag.<br \/>\nSie war f\u00fcr viele Mendener und auch f\u00fcr mich eine wertvolle, streitbare Freundin, die auch ein Jahr nach ihrem Ableben in meinen Gedanken noch sehr gegenw\u00e4rtig ist.<\/p>\n<p>Anita Gro\u00df war mit Heinrich B\u00f6ll seit den 50er Jahren bis zu seinem Tode freundschaftlich verbunden und von seiner literarischen Arbeit sehr beeindruckt. Im Jahre 2012 hatte sie mir die CD \u201eIm Gespr\u00e4ch: Heinrich B\u00f6ll mit Heinz Ludwig Arnold\u201c geliehen. Von der CD habe ich damals virtuelle Computerfotos aufgenommen.<\/p>\n<p>Einige dieser Fotos sind ab dem 2. Dezember 2016 zur Erinnerung an Anita in unserer Galerie, ehemals \u201e Ihr Platz\u201c, in der Hauptstra\u00dfe 27 ausgestellt und k\u00f6nnen ab 17 Uhr k\u00e4uflich erworben werden.<\/p>\n<p>Der Erl\u00f6s geht auf das Asylkonto der Stadt Menden.<\/p>\n<p><a href=\"http:\/\/www.freiraum-gestalten-menden.de\/Web\/monika-graf\/\">Monika Graf<\/a><\/p>\n<p>&nbsp;<\/p>\n<div id='gallery-1' class='gallery galleryid-730 gallery-columns-3 gallery-size-thumbnail'><figure class='gallery-item'>\n\t\t\t<div class='gallery-icon landscape'>\n\t\t\t\t<a href='https:\/\/www.freiraum-gestalten-menden.de\/Web\/2016\/11\/30\/monika-grafs-hommage-an-anita-gross\/01-kl\/'><img decoding=\"async\" width=\"150\" height=\"150\" src=\"https:\/\/www.freiraum-gestalten-menden.de\/Web\/wp-content\/uploads\/2016\/11\/01-kl-150x150.jpg\" class=\"attachment-thumbnail size-thumbnail\" alt=\"\" aria-describedby=\"gallery-1-733\" \/><\/a>\n\t\t\t<\/div>\n\t\t\t\t<figcaption class='wp-caption-text gallery-caption' id='gallery-1-733'>\n\t\t\t\tIm Gespr\u00e4ch&#8220;Heinrich B\u00f6ll mit Heinz Ludwig Arnold&#8220;\n\t\t\t\t<\/figcaption><\/figure><figure class='gallery-item'>\n\t\t\t<div class='gallery-icon landscape'>\n\t\t\t\t<a href='https:\/\/www.freiraum-gestalten-menden.de\/Web\/2016\/11\/30\/monika-grafs-hommage-an-anita-gross\/02-kl\/'><img decoding=\"async\" width=\"150\" height=\"150\" src=\"https:\/\/www.freiraum-gestalten-menden.de\/Web\/wp-content\/uploads\/2016\/11\/02-kl-150x150.jpg\" class=\"attachment-thumbnail size-thumbnail\" alt=\"\" aria-describedby=\"gallery-1-734\" \/><\/a>\n\t\t\t<\/div>\n\t\t\t\t<figcaption class='wp-caption-text gallery-caption' id='gallery-1-734'>\n\t\t\t\tIm Gespr\u00e4ch&#8220;Heinrich B\u00f6ll mit Heinz Ludwig Arnold&#8220;\n\t\t\t\t<\/figcaption><\/figure><figure class='gallery-item'>\n\t\t\t<div class='gallery-icon landscape'>\n\t\t\t\t<a href='https:\/\/www.freiraum-gestalten-menden.de\/Web\/2016\/11\/30\/monika-grafs-hommage-an-anita-gross\/03-kl\/'><img decoding=\"async\" width=\"150\" height=\"150\" src=\"https:\/\/www.freiraum-gestalten-menden.de\/Web\/wp-content\/uploads\/2016\/11\/03-kl-150x150.jpg\" class=\"attachment-thumbnail size-thumbnail\" alt=\"\" aria-describedby=\"gallery-1-735\" \/><\/a>\n\t\t\t<\/div>\n\t\t\t\t<figcaption class='wp-caption-text gallery-caption' id='gallery-1-735'>\n\t\t\t\tIm Gespr\u00e4ch&#8220;Heinrich B\u00f6ll mit Heinz Ludwig Arnold&#8220;\n\t\t\t\t<\/figcaption><\/figure><figure class='gallery-item'>\n\t\t\t<div class='gallery-icon landscape'>\n\t\t\t\t<a href='https:\/\/www.freiraum-gestalten-menden.de\/Web\/2016\/11\/30\/monika-grafs-hommage-an-anita-gross\/04-kl\/'><img loading=\"lazy\" decoding=\"async\" width=\"150\" height=\"150\" src=\"https:\/\/www.freiraum-gestalten-menden.de\/Web\/wp-content\/uploads\/2016\/11\/04-kl-150x150.jpg\" class=\"attachment-thumbnail size-thumbnail\" alt=\"\" aria-describedby=\"gallery-1-736\" \/><\/a>\n\t\t\t<\/div>\n\t\t\t\t<figcaption class='wp-caption-text gallery-caption' id='gallery-1-736'>\n\t\t\t\tIm Gespr\u00e4ch&#8220;Heinrich B\u00f6ll mit Heinz Ludwig Arnold&#8220;\n\t\t\t\t<\/figcaption><\/figure><figure class='gallery-item'>\n\t\t\t<div class='gallery-icon landscape'>\n\t\t\t\t<a href='https:\/\/www.freiraum-gestalten-menden.de\/Web\/2016\/11\/30\/monika-grafs-hommage-an-anita-gross\/05-kl\/'><img loading=\"lazy\" decoding=\"async\" width=\"150\" height=\"150\" src=\"https:\/\/www.freiraum-gestalten-menden.de\/Web\/wp-content\/uploads\/2016\/11\/05-kl-150x150.jpg\" class=\"attachment-thumbnail size-thumbnail\" alt=\"\" aria-describedby=\"gallery-1-737\" \/><\/a>\n\t\t\t<\/div>\n\t\t\t\t<figcaption class='wp-caption-text gallery-caption' id='gallery-1-737'>\n\t\t\t\tIm Gespr\u00e4ch&#8220;Heinrich B\u00f6ll mit Heinz Ludwig Arnold&#8220;\n\t\t\t\t<\/figcaption><\/figure><figure class='gallery-item'>\n\t\t\t<div class='gallery-icon landscape'>\n\t\t\t\t<a href='https:\/\/www.freiraum-gestalten-menden.de\/Web\/2016\/11\/30\/monika-grafs-hommage-an-anita-gross\/06-kl\/'><img loading=\"lazy\" decoding=\"async\" width=\"150\" height=\"150\" src=\"https:\/\/www.freiraum-gestalten-menden.de\/Web\/wp-content\/uploads\/2016\/11\/06-kl-150x150.jpg\" class=\"attachment-thumbnail size-thumbnail\" alt=\"\" aria-describedby=\"gallery-1-738\" \/><\/a>\n\t\t\t<\/div>\n\t\t\t\t<figcaption class='wp-caption-text gallery-caption' id='gallery-1-738'>\n\t\t\t\tIm Gespr\u00e4ch&#8220;Heinrich B\u00f6ll mit Heinz Ludwig Arnold&#8220;\n\t\t\t\t<\/figcaption><\/figure>\n\t\t<\/div>\n\n","protected":false},"excerpt":{"rendered":"<p>Am 11. Dezember 2015 starb Anita Gro\u00df, kurz nach ihrem 91. Geburtstag. Sie war f\u00fcr viele Mendener und auch f\u00fcr mich eine wertvolle, streitbare Freundin, die auch ein Jahr nach ihrem Ableben in meinen Gedanken noch sehr gegenw\u00e4rtig ist. Anita Gro\u00df war mit Heinrich B\u00f6ll seit den 50er Jahren bis zu seinem Tode freundschaftlich verbunden [&hellip;]<\/p>\n","protected":false},"author":2,"featured_media":732,"comment_status":"closed","ping_status":"open","sticky":false,"template":"","format":"standard","meta":{"footnotes":""},"categories":[1],"tags":[],"class_list":["post-730","post","type-post","status-publish","format-standard","has-post-thumbnail","hentry","category-allgemein"],"yoast_head":"<!-- This site is optimized with the Yoast SEO plugin v25.6 - https:\/\/yoast.com\/wordpress\/plugins\/seo\/ -->\n<title>Monika Grafs Hommage an Anita Gro\u00df - Freiraum Gestalten Menden<\/title>\n<meta name=\"description\" content=\"Neuigkeiten zu den Freiraum Gestalten!\" \/>\n<meta name=\"robots\" content=\"index, follow, max-snippet:-1, max-image-preview:large, max-video-preview:-1\" \/>\n<link rel=\"canonical\" href=\"https:\/\/www.freiraum-gestalten-menden.de\/Web\/2016\/11\/30\/monika-grafs-hommage-an-anita-gross\/\" \/>\n<meta property=\"og:locale\" content=\"de_DE\" \/>\n<meta property=\"og:type\" content=\"article\" \/>\n<meta property=\"og:title\" content=\"Monika Grafs Hommage an Anita Gro\u00df - Freiraum Gestalten Menden\" \/>\n<meta property=\"og:description\" content=\"Neuigkeiten zu den Freiraum Gestalten!\" \/>\n<meta property=\"og:url\" content=\"https:\/\/www.freiraum-gestalten-menden.de\/Web\/2016\/11\/30\/monika-grafs-hommage-an-anita-gross\/\" \/>\n<meta property=\"og:site_name\" content=\"Freiraum Gestalten Menden\" \/>\n<meta property=\"article:publisher\" content=\"https:\/\/www.facebook.com\/FreiraumGestaltenMenden\" \/>\n<meta property=\"article:published_time\" content=\"2016-11-30T19:43:07+00:00\" \/>\n<meta property=\"article:modified_time\" content=\"2024-04-25T11:25:28+00:00\" \/>\n<meta property=\"og:image\" content=\"https:\/\/www.freiraum-gestalten-menden.de\/Web\/wp-content\/uploads\/2016\/11\/Monika.jpg\" \/>\n\t<meta property=\"og:image:width\" content=\"372\" \/>\n\t<meta property=\"og:image:height\" content=\"366\" \/>\n\t<meta property=\"og:image:type\" content=\"image\/jpeg\" \/>\n<meta name=\"author\" content=\"Corinna H\u00e4u\u00dfler\" \/>\n<meta name=\"twitter:card\" content=\"summary_large_image\" \/>\n<meta name=\"twitter:label1\" content=\"Verfasst von\" \/>\n\t<meta name=\"twitter:data1\" content=\"Corinna H\u00e4u\u00dfler\" \/>\n\t<meta name=\"twitter:label2\" content=\"Gesch\u00e4tzte Lesezeit\" \/>\n\t<meta name=\"twitter:data2\" content=\"1\u00a0Minute\" \/>\n<script type=\"application\/ld+json\" class=\"yoast-schema-graph\">{\"@context\":\"https:\/\/schema.org\",\"@graph\":[{\"@type\":\"Article\",\"@id\":\"https:\/\/www.freiraum-gestalten-menden.de\/Web\/2016\/11\/30\/monika-grafs-hommage-an-anita-gross\/#article\",\"isPartOf\":{\"@id\":\"https:\/\/www.freiraum-gestalten-menden.de\/Web\/2016\/11\/30\/monika-grafs-hommage-an-anita-gross\/\"},\"author\":{\"name\":\"Corinna H\u00e4u\u00dfler\",\"@id\":\"https:\/\/www.freiraum-gestalten-menden.de\/Web\/#\/schema\/person\/dd7dfeeefea04497046bd54ec103ebba\"},\"headline\":\"Monika Grafs Hommage an Anita Gro\u00df\",\"datePublished\":\"2016-11-30T19:43:07+00:00\",\"dateModified\":\"2024-04-25T11:25:28+00:00\",\"mainEntityOfPage\":{\"@id\":\"https:\/\/www.freiraum-gestalten-menden.de\/Web\/2016\/11\/30\/monika-grafs-hommage-an-anita-gross\/\"},\"wordCount\":142,\"publisher\":{\"@id\":\"https:\/\/www.freiraum-gestalten-menden.de\/Web\/#organization\"},\"image\":{\"@id\":\"https:\/\/www.freiraum-gestalten-menden.de\/Web\/2016\/11\/30\/monika-grafs-hommage-an-anita-gross\/#primaryimage\"},\"thumbnailUrl\":\"https:\/\/www.freiraum-gestalten-menden.de\/Web\/wp-content\/uploads\/2016\/11\/Monika.jpg\",\"inLanguage\":\"de\"},{\"@type\":\"WebPage\",\"@id\":\"https:\/\/www.freiraum-gestalten-menden.de\/Web\/2016\/11\/30\/monika-grafs-hommage-an-anita-gross\/\",\"url\":\"https:\/\/www.freiraum-gestalten-menden.de\/Web\/2016\/11\/30\/monika-grafs-hommage-an-anita-gross\/\",\"name\":\"Monika Grafs Hommage an Anita Gro\u00df - Freiraum Gestalten Menden\",\"isPartOf\":{\"@id\":\"https:\/\/www.freiraum-gestalten-menden.de\/Web\/#website\"},\"primaryImageOfPage\":{\"@id\":\"https:\/\/www.freiraum-gestalten-menden.de\/Web\/2016\/11\/30\/monika-grafs-hommage-an-anita-gross\/#primaryimage\"},\"image\":{\"@id\":\"https:\/\/www.freiraum-gestalten-menden.de\/Web\/2016\/11\/30\/monika-grafs-hommage-an-anita-gross\/#primaryimage\"},\"thumbnailUrl\":\"https:\/\/www.freiraum-gestalten-menden.de\/Web\/wp-content\/uploads\/2016\/11\/Monika.jpg\",\"datePublished\":\"2016-11-30T19:43:07+00:00\",\"dateModified\":\"2024-04-25T11:25:28+00:00\",\"description\":\"Neuigkeiten zu den Freiraum Gestalten!\",\"breadcrumb\":{\"@id\":\"https:\/\/www.freiraum-gestalten-menden.de\/Web\/2016\/11\/30\/monika-grafs-hommage-an-anita-gross\/#breadcrumb\"},\"inLanguage\":\"de\",\"potentialAction\":[{\"@type\":\"ReadAction\",\"target\":[\"https:\/\/www.freiraum-gestalten-menden.de\/Web\/2016\/11\/30\/monika-grafs-hommage-an-anita-gross\/\"]}]},{\"@type\":\"ImageObject\",\"inLanguage\":\"de\",\"@id\":\"https:\/\/www.freiraum-gestalten-menden.de\/Web\/2016\/11\/30\/monika-grafs-hommage-an-anita-gross\/#primaryimage\",\"url\":\"https:\/\/www.freiraum-gestalten-menden.de\/Web\/wp-content\/uploads\/2016\/11\/Monika.jpg\",\"contentUrl\":\"https:\/\/www.freiraum-gestalten-menden.de\/Web\/wp-content\/uploads\/2016\/11\/Monika.jpg\",\"width\":372,\"height\":366},{\"@type\":\"BreadcrumbList\",\"@id\":\"https:\/\/www.freiraum-gestalten-menden.de\/Web\/2016\/11\/30\/monika-grafs-hommage-an-anita-gross\/#breadcrumb\",\"itemListElement\":[{\"@type\":\"ListItem\",\"position\":1,\"name\":\"Startseite\",\"item\":\"https:\/\/www.freiraum-gestalten-menden.de\/Web\/\"},{\"@type\":\"ListItem\",\"position\":2,\"name\":\"Monika Grafs Hommage an Anita Gro\u00df\"}]},{\"@type\":\"WebSite\",\"@id\":\"https:\/\/www.freiraum-gestalten-menden.de\/Web\/#website\",\"url\":\"https:\/\/www.freiraum-gestalten-menden.de\/Web\/\",\"name\":\"Freiraum Gestalten Menden\",\"description\":\"Gemeinschaft Mendener K\u00fcnstler\",\"publisher\":{\"@id\":\"https:\/\/www.freiraum-gestalten-menden.de\/Web\/#organization\"},\"potentialAction\":[{\"@type\":\"SearchAction\",\"target\":{\"@type\":\"EntryPoint\",\"urlTemplate\":\"https:\/\/www.freiraum-gestalten-menden.de\/Web\/?s={search_term_string}\"},\"query-input\":{\"@type\":\"PropertyValueSpecification\",\"valueRequired\":true,\"valueName\":\"search_term_string\"}}],\"inLanguage\":\"de\"},{\"@type\":\"Organization\",\"@id\":\"https:\/\/www.freiraum-gestalten-menden.de\/Web\/#organization\",\"name\":\"Freiraum Gestalten Menden\",\"url\":\"https:\/\/www.freiraum-gestalten-menden.de\/Web\/\",\"logo\":{\"@type\":\"ImageObject\",\"inLanguage\":\"de\",\"@id\":\"https:\/\/www.freiraum-gestalten-menden.de\/Web\/#\/schema\/logo\/image\/\",\"url\":\"https:\/\/www.freiraum-gestalten-menden.de\/Web\/wp-content\/uploads\/2024\/04\/FRG-FB-G.jpg\",\"contentUrl\":\"https:\/\/www.freiraum-gestalten-menden.de\/Web\/wp-content\/uploads\/2024\/04\/FRG-FB-G.jpg\",\"width\":1181,\"height\":1181,\"caption\":\"Freiraum Gestalten Menden\"},\"image\":{\"@id\":\"https:\/\/www.freiraum-gestalten-menden.de\/Web\/#\/schema\/logo\/image\/\"},\"sameAs\":[\"https:\/\/www.facebook.com\/FreiraumGestaltenMenden\"]},{\"@type\":\"Person\",\"@id\":\"https:\/\/www.freiraum-gestalten-menden.de\/Web\/#\/schema\/person\/dd7dfeeefea04497046bd54ec103ebba\",\"name\":\"Corinna H\u00e4u\u00dfler\",\"image\":{\"@type\":\"ImageObject\",\"inLanguage\":\"de\",\"@id\":\"https:\/\/www.freiraum-gestalten-menden.de\/Web\/#\/schema\/person\/image\/\",\"url\":\"https:\/\/secure.gravatar.com\/avatar\/ed17a5f159de3e8ceeca4461d4623e52?s=96&d=mm&r=g\",\"contentUrl\":\"https:\/\/secure.gravatar.com\/avatar\/ed17a5f159de3e8ceeca4461d4623e52?s=96&d=mm&r=g\",\"caption\":\"Corinna H\u00e4u\u00dfler\"},\"url\":\"https:\/\/www.freiraum-gestalten-menden.de\/Web\/author\/conny\/\"}]}<\/script>\n<!-- \/ Yoast SEO plugin. -->","yoast_head_json":{"title":"Monika Grafs Hommage an Anita Gro\u00df - Freiraum Gestalten Menden","description":"Neuigkeiten zu den Freiraum Gestalten!","robots":{"index":"index","follow":"follow","max-snippet":"max-snippet:-1","max-image-preview":"max-image-preview:large","max-video-preview":"max-video-preview:-1"},"canonical":"https:\/\/www.freiraum-gestalten-menden.de\/Web\/2016\/11\/30\/monika-grafs-hommage-an-anita-gross\/","og_locale":"de_DE","og_type":"article","og_title":"Monika Grafs Hommage an Anita Gro\u00df - Freiraum Gestalten Menden","og_description":"Neuigkeiten zu den Freiraum Gestalten!","og_url":"https:\/\/www.freiraum-gestalten-menden.de\/Web\/2016\/11\/30\/monika-grafs-hommage-an-anita-gross\/","og_site_name":"Freiraum Gestalten Menden","article_publisher":"https:\/\/www.facebook.com\/FreiraumGestaltenMenden","article_published_time":"2016-11-30T19:43:07+00:00","article_modified_time":"2024-04-25T11:25:28+00:00","og_image":[{"width":372,"height":366,"url":"https:\/\/www.freiraum-gestalten-menden.de\/Web\/wp-content\/uploads\/2016\/11\/Monika.jpg","type":"image\/jpeg"}],"author":"Corinna H\u00e4u\u00dfler","twitter_card":"summary_large_image","twitter_misc":{"Verfasst von":"Corinna H\u00e4u\u00dfler","Gesch\u00e4tzte Lesezeit":"1\u00a0Minute"},"schema":{"@context":"https:\/\/schema.org","@graph":[{"@type":"Article","@id":"https:\/\/www.freiraum-gestalten-menden.de\/Web\/2016\/11\/30\/monika-grafs-hommage-an-anita-gross\/#article","isPartOf":{"@id":"https:\/\/www.freiraum-gestalten-menden.de\/Web\/2016\/11\/30\/monika-grafs-hommage-an-anita-gross\/"},"author":{"name":"Corinna H\u00e4u\u00dfler","@id":"https:\/\/www.freiraum-gestalten-menden.de\/Web\/#\/schema\/person\/dd7dfeeefea04497046bd54ec103ebba"},"headline":"Monika Grafs Hommage an Anita Gro\u00df","datePublished":"2016-11-30T19:43:07+00:00","dateModified":"2024-04-25T11:25:28+00:00","mainEntityOfPage":{"@id":"https:\/\/www.freiraum-gestalten-menden.de\/Web\/2016\/11\/30\/monika-grafs-hommage-an-anita-gross\/"},"wordCount":142,"publisher":{"@id":"https:\/\/www.freiraum-gestalten-menden.de\/Web\/#organization"},"image":{"@id":"https:\/\/www.freiraum-gestalten-menden.de\/Web\/2016\/11\/30\/monika-grafs-hommage-an-anita-gross\/#primaryimage"},"thumbnailUrl":"https:\/\/www.freiraum-gestalten-menden.de\/Web\/wp-content\/uploads\/2016\/11\/Monika.jpg","inLanguage":"de"},{"@type":"WebPage","@id":"https:\/\/www.freiraum-gestalten-menden.de\/Web\/2016\/11\/30\/monika-grafs-hommage-an-anita-gross\/","url":"https:\/\/www.freiraum-gestalten-menden.de\/Web\/2016\/11\/30\/monika-grafs-hommage-an-anita-gross\/","name":"Monika Grafs Hommage an Anita Gro\u00df - Freiraum Gestalten Menden","isPartOf":{"@id":"https:\/\/www.freiraum-gestalten-menden.de\/Web\/#website"},"primaryImageOfPage":{"@id":"https:\/\/www.freiraum-gestalten-menden.de\/Web\/2016\/11\/30\/monika-grafs-hommage-an-anita-gross\/#primaryimage"},"image":{"@id":"https:\/\/www.freiraum-gestalten-menden.de\/Web\/2016\/11\/30\/monika-grafs-hommage-an-anita-gross\/#primaryimage"},"thumbnailUrl":"https:\/\/www.freiraum-gestalten-menden.de\/Web\/wp-content\/uploads\/2016\/11\/Monika.jpg","datePublished":"2016-11-30T19:43:07+00:00","dateModified":"2024-04-25T11:25:28+00:00","description":"Neuigkeiten zu den Freiraum Gestalten!","breadcrumb":{"@id":"https:\/\/www.freiraum-gestalten-menden.de\/Web\/2016\/11\/30\/monika-grafs-hommage-an-anita-gross\/#breadcrumb"},"inLanguage":"de","potentialAction":[{"@type":"ReadAction","target":["https:\/\/www.freiraum-gestalten-menden.de\/Web\/2016\/11\/30\/monika-grafs-hommage-an-anita-gross\/"]}]},{"@type":"ImageObject","inLanguage":"de","@id":"https:\/\/www.freiraum-gestalten-menden.de\/Web\/2016\/11\/30\/monika-grafs-hommage-an-anita-gross\/#primaryimage","url":"https:\/\/www.freiraum-gestalten-menden.de\/Web\/wp-content\/uploads\/2016\/11\/Monika.jpg","contentUrl":"https:\/\/www.freiraum-gestalten-menden.de\/Web\/wp-content\/uploads\/2016\/11\/Monika.jpg","width":372,"height":366},{"@type":"BreadcrumbList","@id":"https:\/\/www.freiraum-gestalten-menden.de\/Web\/2016\/11\/30\/monika-grafs-hommage-an-anita-gross\/#breadcrumb","itemListElement":[{"@type":"ListItem","position":1,"name":"Startseite","item":"https:\/\/www.freiraum-gestalten-menden.de\/Web\/"},{"@type":"ListItem","position":2,"name":"Monika Grafs Hommage an Anita Gro\u00df"}]},{"@type":"WebSite","@id":"https:\/\/www.freiraum-gestalten-menden.de\/Web\/#website","url":"https:\/\/www.freiraum-gestalten-menden.de\/Web\/","name":"Freiraum Gestalten Menden","description":"Gemeinschaft Mendener K\u00fcnstler","publisher":{"@id":"https:\/\/www.freiraum-gestalten-menden.de\/Web\/#organization"},"potentialAction":[{"@type":"SearchAction","target":{"@type":"EntryPoint","urlTemplate":"https:\/\/www.freiraum-gestalten-menden.de\/Web\/?s={search_term_string}"},"query-input":{"@type":"PropertyValueSpecification","valueRequired":true,"valueName":"search_term_string"}}],"inLanguage":"de"},{"@type":"Organization","@id":"https:\/\/www.freiraum-gestalten-menden.de\/Web\/#organization","name":"Freiraum Gestalten Menden","url":"https:\/\/www.freiraum-gestalten-menden.de\/Web\/","logo":{"@type":"ImageObject","inLanguage":"de","@id":"https:\/\/www.freiraum-gestalten-menden.de\/Web\/#\/schema\/logo\/image\/","url":"https:\/\/www.freiraum-gestalten-menden.de\/Web\/wp-content\/uploads\/2024\/04\/FRG-FB-G.jpg","contentUrl":"https:\/\/www.freiraum-gestalten-menden.de\/Web\/wp-content\/uploads\/2024\/04\/FRG-FB-G.jpg","width":1181,"height":1181,"caption":"Freiraum Gestalten Menden"},"image":{"@id":"https:\/\/www.freiraum-gestalten-menden.de\/Web\/#\/schema\/logo\/image\/"},"sameAs":["https:\/\/www.facebook.com\/FreiraumGestaltenMenden"]},{"@type":"Person","@id":"https:\/\/www.freiraum-gestalten-menden.de\/Web\/#\/schema\/person\/dd7dfeeefea04497046bd54ec103ebba","name":"Corinna H\u00e4u\u00dfler","image":{"@type":"ImageObject","inLanguage":"de","@id":"https:\/\/www.freiraum-gestalten-menden.de\/Web\/#\/schema\/person\/image\/","url":"https:\/\/secure.gravatar.com\/avatar\/ed17a5f159de3e8ceeca4461d4623e52?s=96&d=mm&r=g","contentUrl":"https:\/\/secure.gravatar.com\/avatar\/ed17a5f159de3e8ceeca4461d4623e52?s=96&d=mm&r=g","caption":"Corinna H\u00e4u\u00dfler"},"url":"https:\/\/www.freiraum-gestalten-menden.de\/Web\/author\/conny\/"}]}},"_links":{"self":[{"href":"https:\/\/www.freiraum-gestalten-menden.de\/Web\/wp-json\/wp\/v2\/posts\/730"}],"collection":[{"href":"https:\/\/www.freiraum-gestalten-menden.de\/Web\/wp-json\/wp\/v2\/posts"}],"about":[{"href":"https:\/\/www.freiraum-gestalten-menden.de\/Web\/wp-json\/wp\/v2\/types\/post"}],"author":[{"embeddable":true,"href":"https:\/\/www.freiraum-gestalten-menden.de\/Web\/wp-json\/wp\/v2\/users\/2"}],"replies":[{"embeddable":true,"href":"https:\/\/www.freiraum-gestalten-menden.de\/Web\/wp-json\/wp\/v2\/comments?post=730"}],"version-history":[{"count":0,"href":"https:\/\/www.freiraum-gestalten-menden.de\/Web\/wp-json\/wp\/v2\/posts\/730\/revisions"}],"wp:featuredmedia":[{"embeddable":true,"href":"https:\/\/www.freiraum-gestalten-menden.de\/Web\/wp-json\/wp\/v2\/media\/732"}],"wp:attachment":[{"href":"https:\/\/www.freiraum-gestalten-menden.de\/Web\/wp-json\/wp\/v2\/media?parent=730"}],"wp:term":[{"taxonomy":"category","embeddable":true,"href":"https:\/\/www.freiraum-gestalten-menden.de\/Web\/wp-json\/wp\/v2\/categories?post=730"},{"taxonomy":"post_tag","embeddable":true,"href":"https:\/\/www.freiraum-gestalten-menden.de\/Web\/wp-json\/wp\/v2\/tags?post=730"}],"curies":[{"name":"wp","href":"https:\/\/api.w.org\/{rel}","templated":true}]}}