{"id":612,"date":"2016-10-07T12:06:18","date_gmt":"2016-10-07T10:06:18","guid":{"rendered":"http:\/\/www.freiraum-gestalten-menden.de\/Web\/?p=612"},"modified":"2024-04-25T13:26:07","modified_gmt":"2024-04-25T11:26:07","slug":"video-buchveroeffentlichung-monika-graf-firouzeh-khorschid-esfehani","status":"publish","type":"post","link":"https:\/\/www.freiraum-gestalten-menden.de\/Web\/2016\/10\/07\/video-buchveroeffentlichung-monika-graf-firouzeh-khorschid-esfehani\/","title":{"rendered":"Video: Interview zur Buchver\u00f6ffentlichung &#8222;Iran &#8211; Das Land und seine K\u00fcche&#8220;"},"content":{"rendered":"<p>Am vergangenen Freitag und Samstag (30.09.\/01.10.) stellte Monika Graf &amp; Firouzeh Khorschid-Esfehani in unseren Freir\u00e4umen im ehemaligen <em>Ihr Platz<\/em> ihr Buch &#8222;Iran &#8211; Das Land und seine K\u00fcche&#8220; vor. Bei iranischen Leckereien und Tee kamen die Besucher mit den Autoren ins Gespr\u00e4ch.<\/p>\n<p>Zum Er\u00f6ffnungstag haben wir ein kleines Interview mit Monika Graf gef\u00fchrt.<span id=\"transmark\" style=\"display: none; width: 0px; height: 0px;\"><\/span><\/p>\n<p><iframe width=\"560\" height=\"315\" src=\"https:\/\/www.youtube.com\/embed\/7vo2NRxJS5I\" frameborder=\"0\" allowfullscreen><\/iframe><\/p>\n","protected":false},"excerpt":{"rendered":"<p>Am vergangenen Freitag und Samstag (30.09.\/01.10.) stellte Monika Graf &amp; Firouzeh Khorschid-Esfehani in unseren Freir\u00e4umen im ehemaligen Ihr Platz ihr Buch &#8222;Iran &#8211; Das Land und seine K\u00fcche&#8220; vor. Bei iranischen Leckereien und Tee kamen die Besucher mit den Autoren ins Gespr\u00e4ch. Zum Er\u00f6ffnungstag haben wir ein kleines Interview mit Monika Graf gef\u00fchrt.<\/p>\n","protected":false},"author":1,"featured_media":613,"comment_status":"closed","ping_status":"open","sticky":false,"template":"","format":"standard","meta":{"footnotes":""},"categories":[1],"tags":[],"class_list":["post-612","post","type-post","status-publish","format-standard","has-post-thumbnail","hentry","category-allgemein"],"yoast_head":"<!-- This site is optimized with the Yoast SEO plugin v25.6 - https:\/\/yoast.com\/wordpress\/plugins\/seo\/ -->\n<title>Video: Interview zur Buchver\u00f6ffentlichung &quot;Iran - Das Land und seine K\u00fcche&quot; - Freiraum Gestalten Menden<\/title>\n<meta name=\"description\" content=\"Neuigkeiten zu den Freiraum Gestalten!\" \/>\n<meta name=\"robots\" content=\"index, follow, max-snippet:-1, max-image-preview:large, max-video-preview:-1\" \/>\n<link rel=\"canonical\" href=\"https:\/\/www.freiraum-gestalten-menden.de\/Web\/2016\/10\/07\/video-buchveroeffentlichung-monika-graf-firouzeh-khorschid-esfehani\/\" \/>\n<meta property=\"og:locale\" content=\"de_DE\" \/>\n<meta property=\"og:type\" content=\"article\" \/>\n<meta property=\"og:title\" content=\"Video: Interview zur Buchver\u00f6ffentlichung &quot;Iran - Das Land und seine K\u00fcche&quot; - Freiraum Gestalten Menden\" \/>\n<meta property=\"og:description\" content=\"Neuigkeiten zu den Freiraum Gestalten!\" \/>\n<meta property=\"og:url\" content=\"https:\/\/www.freiraum-gestalten-menden.de\/Web\/2016\/10\/07\/video-buchveroeffentlichung-monika-graf-firouzeh-khorschid-esfehani\/\" \/>\n<meta property=\"og:site_name\" content=\"Freiraum Gestalten Menden\" \/>\n<meta property=\"article:publisher\" content=\"https:\/\/www.facebook.com\/FreiraumGestaltenMenden\" \/>\n<meta property=\"article:published_time\" content=\"2016-10-07T10:06:18+00:00\" \/>\n<meta property=\"article:modified_time\" content=\"2024-04-25T11:26:07+00:00\" \/>\n<meta property=\"og:image\" content=\"https:\/\/www.freiraum-gestalten-menden.de\/Web\/wp-content\/uploads\/2016\/10\/Mgrafe.jpg\" \/>\n\t<meta property=\"og:image:width\" content=\"936\" \/>\n\t<meta property=\"og:image:height\" content=\"664\" \/>\n\t<meta property=\"og:image:type\" content=\"image\/jpeg\" \/>\n<meta name=\"author\" content=\"NiCo_FG_Admin\" \/>\n<meta name=\"twitter:card\" content=\"summary_large_image\" \/>\n<meta name=\"twitter:label1\" content=\"Verfasst von\" \/>\n\t<meta name=\"twitter:data1\" content=\"NiCo_FG_Admin\" \/>\n\t<meta name=\"twitter:label2\" content=\"Gesch\u00e4tzte Lesezeit\" \/>\n\t<meta name=\"twitter:data2\" content=\"1\u00a0Minute\" \/>\n<script type=\"application\/ld+json\" class=\"yoast-schema-graph\">{\"@context\":\"https:\/\/schema.org\",\"@graph\":[{\"@type\":\"Article\",\"@id\":\"https:\/\/www.freiraum-gestalten-menden.de\/Web\/2016\/10\/07\/video-buchveroeffentlichung-monika-graf-firouzeh-khorschid-esfehani\/#article\",\"isPartOf\":{\"@id\":\"https:\/\/www.freiraum-gestalten-menden.de\/Web\/2016\/10\/07\/video-buchveroeffentlichung-monika-graf-firouzeh-khorschid-esfehani\/\"},\"author\":{\"name\":\"NiCo_FG_Admin\",\"@id\":\"https:\/\/www.freiraum-gestalten-menden.de\/Web\/#\/schema\/person\/2edf642b6a8d05ebf4b05b86fa83d51f\"},\"headline\":\"Video: Interview zur Buchver\u00f6ffentlichung &#8222;Iran &#8211; Das Land und seine K\u00fcche&#8220;\",\"datePublished\":\"2016-10-07T10:06:18+00:00\",\"dateModified\":\"2024-04-25T11:26:07+00:00\",\"mainEntityOfPage\":{\"@id\":\"https:\/\/www.freiraum-gestalten-menden.de\/Web\/2016\/10\/07\/video-buchveroeffentlichung-monika-graf-firouzeh-khorschid-esfehani\/\"},\"wordCount\":70,\"publisher\":{\"@id\":\"https:\/\/www.freiraum-gestalten-menden.de\/Web\/#organization\"},\"image\":{\"@id\":\"https:\/\/www.freiraum-gestalten-menden.de\/Web\/2016\/10\/07\/video-buchveroeffentlichung-monika-graf-firouzeh-khorschid-esfehani\/#primaryimage\"},\"thumbnailUrl\":\"https:\/\/www.freiraum-gestalten-menden.de\/Web\/wp-content\/uploads\/2016\/10\/Mgrafe.jpg\",\"inLanguage\":\"de\"},{\"@type\":\"WebPage\",\"@id\":\"https:\/\/www.freiraum-gestalten-menden.de\/Web\/2016\/10\/07\/video-buchveroeffentlichung-monika-graf-firouzeh-khorschid-esfehani\/\",\"url\":\"https:\/\/www.freiraum-gestalten-menden.de\/Web\/2016\/10\/07\/video-buchveroeffentlichung-monika-graf-firouzeh-khorschid-esfehani\/\",\"name\":\"Video: Interview zur Buchver\u00f6ffentlichung \\\"Iran - Das Land und seine K\u00fcche\\\" - Freiraum Gestalten Menden\",\"isPartOf\":{\"@id\":\"https:\/\/www.freiraum-gestalten-menden.de\/Web\/#website\"},\"primaryImageOfPage\":{\"@id\":\"https:\/\/www.freiraum-gestalten-menden.de\/Web\/2016\/10\/07\/video-buchveroeffentlichung-monika-graf-firouzeh-khorschid-esfehani\/#primaryimage\"},\"image\":{\"@id\":\"https:\/\/www.freiraum-gestalten-menden.de\/Web\/2016\/10\/07\/video-buchveroeffentlichung-monika-graf-firouzeh-khorschid-esfehani\/#primaryimage\"},\"thumbnailUrl\":\"https:\/\/www.freiraum-gestalten-menden.de\/Web\/wp-content\/uploads\/2016\/10\/Mgrafe.jpg\",\"datePublished\":\"2016-10-07T10:06:18+00:00\",\"dateModified\":\"2024-04-25T11:26:07+00:00\",\"description\":\"Neuigkeiten zu den Freiraum Gestalten!\",\"breadcrumb\":{\"@id\":\"https:\/\/www.freiraum-gestalten-menden.de\/Web\/2016\/10\/07\/video-buchveroeffentlichung-monika-graf-firouzeh-khorschid-esfehani\/#breadcrumb\"},\"inLanguage\":\"de\",\"potentialAction\":[{\"@type\":\"ReadAction\",\"target\":[\"https:\/\/www.freiraum-gestalten-menden.de\/Web\/2016\/10\/07\/video-buchveroeffentlichung-monika-graf-firouzeh-khorschid-esfehani\/\"]}]},{\"@type\":\"ImageObject\",\"inLanguage\":\"de\",\"@id\":\"https:\/\/www.freiraum-gestalten-menden.de\/Web\/2016\/10\/07\/video-buchveroeffentlichung-monika-graf-firouzeh-khorschid-esfehani\/#primaryimage\",\"url\":\"https:\/\/www.freiraum-gestalten-menden.de\/Web\/wp-content\/uploads\/2016\/10\/Mgrafe.jpg\",\"contentUrl\":\"https:\/\/www.freiraum-gestalten-menden.de\/Web\/wp-content\/uploads\/2016\/10\/Mgrafe.jpg\",\"width\":936,\"height\":664},{\"@type\":\"BreadcrumbList\",\"@id\":\"https:\/\/www.freiraum-gestalten-menden.de\/Web\/2016\/10\/07\/video-buchveroeffentlichung-monika-graf-firouzeh-khorschid-esfehani\/#breadcrumb\",\"itemListElement\":[{\"@type\":\"ListItem\",\"position\":1,\"name\":\"Startseite\",\"item\":\"https:\/\/www.freiraum-gestalten-menden.de\/Web\/\"},{\"@type\":\"ListItem\",\"position\":2,\"name\":\"Video: Interview zur Buchver\u00f6ffentlichung &#8222;Iran &#8211; Das Land und seine K\u00fcche&#8220;\"}]},{\"@type\":\"WebSite\",\"@id\":\"https:\/\/www.freiraum-gestalten-menden.de\/Web\/#website\",\"url\":\"https:\/\/www.freiraum-gestalten-menden.de\/Web\/\",\"name\":\"Freiraum Gestalten Menden\",\"description\":\"Gemeinschaft Mendener K\u00fcnstler\",\"publisher\":{\"@id\":\"https:\/\/www.freiraum-gestalten-menden.de\/Web\/#organization\"},\"potentialAction\":[{\"@type\":\"SearchAction\",\"target\":{\"@type\":\"EntryPoint\",\"urlTemplate\":\"https:\/\/www.freiraum-gestalten-menden.de\/Web\/?s={search_term_string}\"},\"query-input\":{\"@type\":\"PropertyValueSpecification\",\"valueRequired\":true,\"valueName\":\"search_term_string\"}}],\"inLanguage\":\"de\"},{\"@type\":\"Organization\",\"@id\":\"https:\/\/www.freiraum-gestalten-menden.de\/Web\/#organization\",\"name\":\"Freiraum Gestalten Menden\",\"url\":\"https:\/\/www.freiraum-gestalten-menden.de\/Web\/\",\"logo\":{\"@type\":\"ImageObject\",\"inLanguage\":\"de\",\"@id\":\"https:\/\/www.freiraum-gestalten-menden.de\/Web\/#\/schema\/logo\/image\/\",\"url\":\"https:\/\/www.freiraum-gestalten-menden.de\/Web\/wp-content\/uploads\/2024\/04\/FRG-FB-G.jpg\",\"contentUrl\":\"https:\/\/www.freiraum-gestalten-menden.de\/Web\/wp-content\/uploads\/2024\/04\/FRG-FB-G.jpg\",\"width\":1181,\"height\":1181,\"caption\":\"Freiraum Gestalten Menden\"},\"image\":{\"@id\":\"https:\/\/www.freiraum-gestalten-menden.de\/Web\/#\/schema\/logo\/image\/\"},\"sameAs\":[\"https:\/\/www.facebook.com\/FreiraumGestaltenMenden\"]},{\"@type\":\"Person\",\"@id\":\"https:\/\/www.freiraum-gestalten-menden.de\/Web\/#\/schema\/person\/2edf642b6a8d05ebf4b05b86fa83d51f\",\"name\":\"NiCo_FG_Admin\",\"image\":{\"@type\":\"ImageObject\",\"inLanguage\":\"de\",\"@id\":\"https:\/\/www.freiraum-gestalten-menden.de\/Web\/#\/schema\/person\/image\/\",\"url\":\"https:\/\/secure.gravatar.com\/avatar\/41e91edcce94af85340b0e99a866885f?s=96&d=mm&r=g\",\"contentUrl\":\"https:\/\/secure.gravatar.com\/avatar\/41e91edcce94af85340b0e99a866885f?s=96&d=mm&r=g\",\"caption\":\"NiCo_FG_Admin\"},\"url\":\"https:\/\/www.freiraum-gestalten-menden.de\/Web\/author\/nico_fg_admin\/\"}]}<\/script>\n<!-- \/ Yoast SEO plugin. -->","yoast_head_json":{"title":"Video: Interview zur Buchver\u00f6ffentlichung \"Iran - Das Land und seine K\u00fcche\" - Freiraum Gestalten Menden","description":"Neuigkeiten zu den Freiraum Gestalten!","robots":{"index":"index","follow":"follow","max-snippet":"max-snippet:-1","max-image-preview":"max-image-preview:large","max-video-preview":"max-video-preview:-1"},"canonical":"https:\/\/www.freiraum-gestalten-menden.de\/Web\/2016\/10\/07\/video-buchveroeffentlichung-monika-graf-firouzeh-khorschid-esfehani\/","og_locale":"de_DE","og_type":"article","og_title":"Video: Interview zur Buchver\u00f6ffentlichung \"Iran - Das Land und seine K\u00fcche\" - Freiraum Gestalten Menden","og_description":"Neuigkeiten zu den Freiraum Gestalten!","og_url":"https:\/\/www.freiraum-gestalten-menden.de\/Web\/2016\/10\/07\/video-buchveroeffentlichung-monika-graf-firouzeh-khorschid-esfehani\/","og_site_name":"Freiraum Gestalten Menden","article_publisher":"https:\/\/www.facebook.com\/FreiraumGestaltenMenden","article_published_time":"2016-10-07T10:06:18+00:00","article_modified_time":"2024-04-25T11:26:07+00:00","og_image":[{"width":936,"height":664,"url":"https:\/\/www.freiraum-gestalten-menden.de\/Web\/wp-content\/uploads\/2016\/10\/Mgrafe.jpg","type":"image\/jpeg"}],"author":"NiCo_FG_Admin","twitter_card":"summary_large_image","twitter_misc":{"Verfasst von":"NiCo_FG_Admin","Gesch\u00e4tzte Lesezeit":"1\u00a0Minute"},"schema":{"@context":"https:\/\/schema.org","@graph":[{"@type":"Article","@id":"https:\/\/www.freiraum-gestalten-menden.de\/Web\/2016\/10\/07\/video-buchveroeffentlichung-monika-graf-firouzeh-khorschid-esfehani\/#article","isPartOf":{"@id":"https:\/\/www.freiraum-gestalten-menden.de\/Web\/2016\/10\/07\/video-buchveroeffentlichung-monika-graf-firouzeh-khorschid-esfehani\/"},"author":{"name":"NiCo_FG_Admin","@id":"https:\/\/www.freiraum-gestalten-menden.de\/Web\/#\/schema\/person\/2edf642b6a8d05ebf4b05b86fa83d51f"},"headline":"Video: Interview zur Buchver\u00f6ffentlichung &#8222;Iran &#8211; Das Land und seine K\u00fcche&#8220;","datePublished":"2016-10-07T10:06:18+00:00","dateModified":"2024-04-25T11:26:07+00:00","mainEntityOfPage":{"@id":"https:\/\/www.freiraum-gestalten-menden.de\/Web\/2016\/10\/07\/video-buchveroeffentlichung-monika-graf-firouzeh-khorschid-esfehani\/"},"wordCount":70,"publisher":{"@id":"https:\/\/www.freiraum-gestalten-menden.de\/Web\/#organization"},"image":{"@id":"https:\/\/www.freiraum-gestalten-menden.de\/Web\/2016\/10\/07\/video-buchveroeffentlichung-monika-graf-firouzeh-khorschid-esfehani\/#primaryimage"},"thumbnailUrl":"https:\/\/www.freiraum-gestalten-menden.de\/Web\/wp-content\/uploads\/2016\/10\/Mgrafe.jpg","inLanguage":"de"},{"@type":"WebPage","@id":"https:\/\/www.freiraum-gestalten-menden.de\/Web\/2016\/10\/07\/video-buchveroeffentlichung-monika-graf-firouzeh-khorschid-esfehani\/","url":"https:\/\/www.freiraum-gestalten-menden.de\/Web\/2016\/10\/07\/video-buchveroeffentlichung-monika-graf-firouzeh-khorschid-esfehani\/","name":"Video: Interview zur Buchver\u00f6ffentlichung \"Iran - Das Land und seine K\u00fcche\" - Freiraum Gestalten Menden","isPartOf":{"@id":"https:\/\/www.freiraum-gestalten-menden.de\/Web\/#website"},"primaryImageOfPage":{"@id":"https:\/\/www.freiraum-gestalten-menden.de\/Web\/2016\/10\/07\/video-buchveroeffentlichung-monika-graf-firouzeh-khorschid-esfehani\/#primaryimage"},"image":{"@id":"https:\/\/www.freiraum-gestalten-menden.de\/Web\/2016\/10\/07\/video-buchveroeffentlichung-monika-graf-firouzeh-khorschid-esfehani\/#primaryimage"},"thumbnailUrl":"https:\/\/www.freiraum-gestalten-menden.de\/Web\/wp-content\/uploads\/2016\/10\/Mgrafe.jpg","datePublished":"2016-10-07T10:06:18+00:00","dateModified":"2024-04-25T11:26:07+00:00","description":"Neuigkeiten zu den Freiraum Gestalten!","breadcrumb":{"@id":"https:\/\/www.freiraum-gestalten-menden.de\/Web\/2016\/10\/07\/video-buchveroeffentlichung-monika-graf-firouzeh-khorschid-esfehani\/#breadcrumb"},"inLanguage":"de","potentialAction":[{"@type":"ReadAction","target":["https:\/\/www.freiraum-gestalten-menden.de\/Web\/2016\/10\/07\/video-buchveroeffentlichung-monika-graf-firouzeh-khorschid-esfehani\/"]}]},{"@type":"ImageObject","inLanguage":"de","@id":"https:\/\/www.freiraum-gestalten-menden.de\/Web\/2016\/10\/07\/video-buchveroeffentlichung-monika-graf-firouzeh-khorschid-esfehani\/#primaryimage","url":"https:\/\/www.freiraum-gestalten-menden.de\/Web\/wp-content\/uploads\/2016\/10\/Mgrafe.jpg","contentUrl":"https:\/\/www.freiraum-gestalten-menden.de\/Web\/wp-content\/uploads\/2016\/10\/Mgrafe.jpg","width":936,"height":664},{"@type":"BreadcrumbList","@id":"https:\/\/www.freiraum-gestalten-menden.de\/Web\/2016\/10\/07\/video-buchveroeffentlichung-monika-graf-firouzeh-khorschid-esfehani\/#breadcrumb","itemListElement":[{"@type":"ListItem","position":1,"name":"Startseite","item":"https:\/\/www.freiraum-gestalten-menden.de\/Web\/"},{"@type":"ListItem","position":2,"name":"Video: Interview zur Buchver\u00f6ffentlichung &#8222;Iran &#8211; Das Land und seine K\u00fcche&#8220;"}]},{"@type":"WebSite","@id":"https:\/\/www.freiraum-gestalten-menden.de\/Web\/#website","url":"https:\/\/www.freiraum-gestalten-menden.de\/Web\/","name":"Freiraum Gestalten Menden","description":"Gemeinschaft Mendener K\u00fcnstler","publisher":{"@id":"https:\/\/www.freiraum-gestalten-menden.de\/Web\/#organization"},"potentialAction":[{"@type":"SearchAction","target":{"@type":"EntryPoint","urlTemplate":"https:\/\/www.freiraum-gestalten-menden.de\/Web\/?s={search_term_string}"},"query-input":{"@type":"PropertyValueSpecification","valueRequired":true,"valueName":"search_term_string"}}],"inLanguage":"de"},{"@type":"Organization","@id":"https:\/\/www.freiraum-gestalten-menden.de\/Web\/#organization","name":"Freiraum Gestalten Menden","url":"https:\/\/www.freiraum-gestalten-menden.de\/Web\/","logo":{"@type":"ImageObject","inLanguage":"de","@id":"https:\/\/www.freiraum-gestalten-menden.de\/Web\/#\/schema\/logo\/image\/","url":"https:\/\/www.freiraum-gestalten-menden.de\/Web\/wp-content\/uploads\/2024\/04\/FRG-FB-G.jpg","contentUrl":"https:\/\/www.freiraum-gestalten-menden.de\/Web\/wp-content\/uploads\/2024\/04\/FRG-FB-G.jpg","width":1181,"height":1181,"caption":"Freiraum Gestalten Menden"},"image":{"@id":"https:\/\/www.freiraum-gestalten-menden.de\/Web\/#\/schema\/logo\/image\/"},"sameAs":["https:\/\/www.facebook.com\/FreiraumGestaltenMenden"]},{"@type":"Person","@id":"https:\/\/www.freiraum-gestalten-menden.de\/Web\/#\/schema\/person\/2edf642b6a8d05ebf4b05b86fa83d51f","name":"NiCo_FG_Admin","image":{"@type":"ImageObject","inLanguage":"de","@id":"https:\/\/www.freiraum-gestalten-menden.de\/Web\/#\/schema\/person\/image\/","url":"https:\/\/secure.gravatar.com\/avatar\/41e91edcce94af85340b0e99a866885f?s=96&d=mm&r=g","contentUrl":"https:\/\/secure.gravatar.com\/avatar\/41e91edcce94af85340b0e99a866885f?s=96&d=mm&r=g","caption":"NiCo_FG_Admin"},"url":"https:\/\/www.freiraum-gestalten-menden.de\/Web\/author\/nico_fg_admin\/"}]}},"_links":{"self":[{"href":"https:\/\/www.freiraum-gestalten-menden.de\/Web\/wp-json\/wp\/v2\/posts\/612"}],"collection":[{"href":"https:\/\/www.freiraum-gestalten-menden.de\/Web\/wp-json\/wp\/v2\/posts"}],"about":[{"href":"https:\/\/www.freiraum-gestalten-menden.de\/Web\/wp-json\/wp\/v2\/types\/post"}],"author":[{"embeddable":true,"href":"https:\/\/www.freiraum-gestalten-menden.de\/Web\/wp-json\/wp\/v2\/users\/1"}],"replies":[{"embeddable":true,"href":"https:\/\/www.freiraum-gestalten-menden.de\/Web\/wp-json\/wp\/v2\/comments?post=612"}],"version-history":[{"count":0,"href":"https:\/\/www.freiraum-gestalten-menden.de\/Web\/wp-json\/wp\/v2\/posts\/612\/revisions"}],"wp:featuredmedia":[{"embeddable":true,"href":"https:\/\/www.freiraum-gestalten-menden.de\/Web\/wp-json\/wp\/v2\/media\/613"}],"wp:attachment":[{"href":"https:\/\/www.freiraum-gestalten-menden.de\/Web\/wp-json\/wp\/v2\/media?parent=612"}],"wp:term":[{"taxonomy":"category","embeddable":true,"href":"https:\/\/www.freiraum-gestalten-menden.de\/Web\/wp-json\/wp\/v2\/categories?post=612"},{"taxonomy":"post_tag","embeddable":true,"href":"https:\/\/www.freiraum-gestalten-menden.de\/Web\/wp-json\/wp\/v2\/tags?post=612"}],"curies":[{"name":"wp","href":"https:\/\/api.w.org\/{rel}","templated":true}]}}