{"id":495,"date":"2016-09-06T10:02:02","date_gmt":"2016-09-06T08:02:02","guid":{"rendered":"http:\/\/www.freiraum-gestalten-menden.de\/Web\/?p=495"},"modified":"2024-04-25T13:26:27","modified_gmt":"2024-04-25T11:26:27","slug":"video-alexander-wotschel-jubilaeum-65","status":"publish","type":"post","link":"https:\/\/www.freiraum-gestalten-menden.de\/Web\/2016\/09\/06\/video-alexander-wotschel-jubilaeum-65\/","title":{"rendered":"Video: &#8222;Alexander Wotschel&#8220; &#8211; Jubil\u00e4um 65"},"content":{"rendered":"<p>Zuk\u00fcnftig werden wir auf unserer Seite immer wieder mal auch Videos ver\u00f6ffentlichen. Den Anfang macht die Ausstellungser\u00f6ffnung am vergangenen Sonntag (04.09.2016) von Alexander Wotschel zum 65. Jubil\u00e4um. Zahlreiche Besucher kamen zur Vernissage ins Foyer des neuen Rathauses in Menden, welche von dem Kulturb\u00fcroleiter Michael Roth er\u00f6ffnet und von Johann Busemann (Musikschule Menden) musikalisch begleitet wurde.<\/p>\n<p><strong>Die Ausstellung kann bis zum 21.09.2016 besucht werden. <\/strong><br \/>\n<strong>Die \u00d6ffnungszeiten des Rathauses in Menden, Neumarkt 5: Mo.-Do. 8 &#8211; 18 Uhr \/ Fr. 8 &#8211; 13 Uhr<br \/>\n<span id=\"transmark\" style=\"display: none; width: 0px; height: 0px;\"><\/span><\/strong><\/p>\n<p><iframe src=\"https:\/\/www.youtube-nocookie.com\/embed\/mQJ4TF4_9kE\" width=\"560\" height=\"315\" frameborder=\"0\" allowfullscreen=\"allowfullscreen\"><\/iframe><\/p>\n<p>&nbsp;<\/p>\n<p>&nbsp;<\/p>\n","protected":false},"excerpt":{"rendered":"<p>Zuk\u00fcnftig werden wir auf unserer Seite immer wieder mal auch Videos ver\u00f6ffentlichen. Den Anfang macht die Ausstellungser\u00f6ffnung am vergangenen Sonntag (04.09.2016) von Alexander Wotschel zum 65. Jubil\u00e4um. Zahlreiche Besucher kamen zur Vernissage ins Foyer des neuen Rathauses in Menden, welche von dem Kulturb\u00fcroleiter Michael Roth er\u00f6ffnet und von Johann Busemann (Musikschule Menden) musikalisch begleitet wurde. [&hellip;]<\/p>\n","protected":false},"author":1,"featured_media":496,"comment_status":"closed","ping_status":"closed","sticky":false,"template":"","format":"standard","meta":{"footnotes":""},"categories":[1],"tags":[],"class_list":["post-495","post","type-post","status-publish","format-standard","has-post-thumbnail","hentry","category-allgemein"],"yoast_head":"<!-- This site is optimized with the Yoast SEO plugin v25.6 - https:\/\/yoast.com\/wordpress\/plugins\/seo\/ -->\n<title>Video: &quot;Alexander Wotschel&quot; - Jubil\u00e4um 65 - Freiraum Gestalten Menden<\/title>\n<meta name=\"description\" content=\"Neuigkeiten zu den Freiraum Gestalten!\" \/>\n<meta name=\"robots\" content=\"index, follow, max-snippet:-1, max-image-preview:large, max-video-preview:-1\" \/>\n<link rel=\"canonical\" href=\"https:\/\/www.freiraum-gestalten-menden.de\/Web\/2016\/09\/06\/video-alexander-wotschel-jubilaeum-65\/\" \/>\n<meta property=\"og:locale\" content=\"de_DE\" \/>\n<meta property=\"og:type\" content=\"article\" \/>\n<meta property=\"og:title\" content=\"Video: &quot;Alexander Wotschel&quot; - Jubil\u00e4um 65 - Freiraum Gestalten Menden\" \/>\n<meta property=\"og:description\" content=\"Neuigkeiten zu den Freiraum Gestalten!\" \/>\n<meta property=\"og:url\" content=\"https:\/\/www.freiraum-gestalten-menden.de\/Web\/2016\/09\/06\/video-alexander-wotschel-jubilaeum-65\/\" \/>\n<meta property=\"og:site_name\" content=\"Freiraum Gestalten Menden\" \/>\n<meta property=\"article:publisher\" content=\"https:\/\/www.facebook.com\/FreiraumGestaltenMenden\" \/>\n<meta property=\"article:published_time\" content=\"2016-09-06T08:02:02+00:00\" \/>\n<meta property=\"article:modified_time\" content=\"2024-04-25T11:26:27+00:00\" \/>\n<meta property=\"og:image\" content=\"https:\/\/www.freiraum-gestalten-menden.de\/Web\/wp-content\/uploads\/2016\/09\/Wotschel.jpg\" \/>\n\t<meta property=\"og:image:width\" content=\"1108\" \/>\n\t<meta property=\"og:image:height\" content=\"734\" \/>\n\t<meta property=\"og:image:type\" content=\"image\/jpeg\" \/>\n<meta name=\"author\" content=\"NiCo_FG_Admin\" \/>\n<meta name=\"twitter:card\" content=\"summary_large_image\" \/>\n<meta name=\"twitter:label1\" content=\"Verfasst von\" \/>\n\t<meta name=\"twitter:data1\" content=\"NiCo_FG_Admin\" \/>\n\t<meta name=\"twitter:label2\" content=\"Gesch\u00e4tzte Lesezeit\" \/>\n\t<meta name=\"twitter:data2\" content=\"1\u00a0Minute\" \/>\n<script type=\"application\/ld+json\" class=\"yoast-schema-graph\">{\"@context\":\"https:\/\/schema.org\",\"@graph\":[{\"@type\":\"Article\",\"@id\":\"https:\/\/www.freiraum-gestalten-menden.de\/Web\/2016\/09\/06\/video-alexander-wotschel-jubilaeum-65\/#article\",\"isPartOf\":{\"@id\":\"https:\/\/www.freiraum-gestalten-menden.de\/Web\/2016\/09\/06\/video-alexander-wotschel-jubilaeum-65\/\"},\"author\":{\"name\":\"NiCo_FG_Admin\",\"@id\":\"https:\/\/www.freiraum-gestalten-menden.de\/Web\/#\/schema\/person\/2edf642b6a8d05ebf4b05b86fa83d51f\"},\"headline\":\"Video: &#8222;Alexander Wotschel&#8220; &#8211; Jubil\u00e4um 65\",\"datePublished\":\"2016-09-06T08:02:02+00:00\",\"dateModified\":\"2024-04-25T11:26:27+00:00\",\"mainEntityOfPage\":{\"@id\":\"https:\/\/www.freiraum-gestalten-menden.de\/Web\/2016\/09\/06\/video-alexander-wotschel-jubilaeum-65\/\"},\"wordCount\":88,\"publisher\":{\"@id\":\"https:\/\/www.freiraum-gestalten-menden.de\/Web\/#organization\"},\"image\":{\"@id\":\"https:\/\/www.freiraum-gestalten-menden.de\/Web\/2016\/09\/06\/video-alexander-wotschel-jubilaeum-65\/#primaryimage\"},\"thumbnailUrl\":\"https:\/\/www.freiraum-gestalten-menden.de\/Web\/wp-content\/uploads\/2016\/09\/Wotschel.jpg\",\"inLanguage\":\"de\"},{\"@type\":\"WebPage\",\"@id\":\"https:\/\/www.freiraum-gestalten-menden.de\/Web\/2016\/09\/06\/video-alexander-wotschel-jubilaeum-65\/\",\"url\":\"https:\/\/www.freiraum-gestalten-menden.de\/Web\/2016\/09\/06\/video-alexander-wotschel-jubilaeum-65\/\",\"name\":\"Video: \\\"Alexander Wotschel\\\" - Jubil\u00e4um 65 - Freiraum Gestalten Menden\",\"isPartOf\":{\"@id\":\"https:\/\/www.freiraum-gestalten-menden.de\/Web\/#website\"},\"primaryImageOfPage\":{\"@id\":\"https:\/\/www.freiraum-gestalten-menden.de\/Web\/2016\/09\/06\/video-alexander-wotschel-jubilaeum-65\/#primaryimage\"},\"image\":{\"@id\":\"https:\/\/www.freiraum-gestalten-menden.de\/Web\/2016\/09\/06\/video-alexander-wotschel-jubilaeum-65\/#primaryimage\"},\"thumbnailUrl\":\"https:\/\/www.freiraum-gestalten-menden.de\/Web\/wp-content\/uploads\/2016\/09\/Wotschel.jpg\",\"datePublished\":\"2016-09-06T08:02:02+00:00\",\"dateModified\":\"2024-04-25T11:26:27+00:00\",\"description\":\"Neuigkeiten zu den Freiraum Gestalten!\",\"breadcrumb\":{\"@id\":\"https:\/\/www.freiraum-gestalten-menden.de\/Web\/2016\/09\/06\/video-alexander-wotschel-jubilaeum-65\/#breadcrumb\"},\"inLanguage\":\"de\",\"potentialAction\":[{\"@type\":\"ReadAction\",\"target\":[\"https:\/\/www.freiraum-gestalten-menden.de\/Web\/2016\/09\/06\/video-alexander-wotschel-jubilaeum-65\/\"]}]},{\"@type\":\"ImageObject\",\"inLanguage\":\"de\",\"@id\":\"https:\/\/www.freiraum-gestalten-menden.de\/Web\/2016\/09\/06\/video-alexander-wotschel-jubilaeum-65\/#primaryimage\",\"url\":\"https:\/\/www.freiraum-gestalten-menden.de\/Web\/wp-content\/uploads\/2016\/09\/Wotschel.jpg\",\"contentUrl\":\"https:\/\/www.freiraum-gestalten-menden.de\/Web\/wp-content\/uploads\/2016\/09\/Wotschel.jpg\",\"width\":1108,\"height\":734},{\"@type\":\"BreadcrumbList\",\"@id\":\"https:\/\/www.freiraum-gestalten-menden.de\/Web\/2016\/09\/06\/video-alexander-wotschel-jubilaeum-65\/#breadcrumb\",\"itemListElement\":[{\"@type\":\"ListItem\",\"position\":1,\"name\":\"Startseite\",\"item\":\"https:\/\/www.freiraum-gestalten-menden.de\/Web\/\"},{\"@type\":\"ListItem\",\"position\":2,\"name\":\"Video: &#8222;Alexander Wotschel&#8220; &#8211; Jubil\u00e4um 65\"}]},{\"@type\":\"WebSite\",\"@id\":\"https:\/\/www.freiraum-gestalten-menden.de\/Web\/#website\",\"url\":\"https:\/\/www.freiraum-gestalten-menden.de\/Web\/\",\"name\":\"Freiraum Gestalten Menden\",\"description\":\"Gemeinschaft Mendener K\u00fcnstler\",\"publisher\":{\"@id\":\"https:\/\/www.freiraum-gestalten-menden.de\/Web\/#organization\"},\"potentialAction\":[{\"@type\":\"SearchAction\",\"target\":{\"@type\":\"EntryPoint\",\"urlTemplate\":\"https:\/\/www.freiraum-gestalten-menden.de\/Web\/?s={search_term_string}\"},\"query-input\":{\"@type\":\"PropertyValueSpecification\",\"valueRequired\":true,\"valueName\":\"search_term_string\"}}],\"inLanguage\":\"de\"},{\"@type\":\"Organization\",\"@id\":\"https:\/\/www.freiraum-gestalten-menden.de\/Web\/#organization\",\"name\":\"Freiraum Gestalten Menden\",\"url\":\"https:\/\/www.freiraum-gestalten-menden.de\/Web\/\",\"logo\":{\"@type\":\"ImageObject\",\"inLanguage\":\"de\",\"@id\":\"https:\/\/www.freiraum-gestalten-menden.de\/Web\/#\/schema\/logo\/image\/\",\"url\":\"https:\/\/www.freiraum-gestalten-menden.de\/Web\/wp-content\/uploads\/2024\/04\/FRG-FB-G.jpg\",\"contentUrl\":\"https:\/\/www.freiraum-gestalten-menden.de\/Web\/wp-content\/uploads\/2024\/04\/FRG-FB-G.jpg\",\"width\":1181,\"height\":1181,\"caption\":\"Freiraum Gestalten Menden\"},\"image\":{\"@id\":\"https:\/\/www.freiraum-gestalten-menden.de\/Web\/#\/schema\/logo\/image\/\"},\"sameAs\":[\"https:\/\/www.facebook.com\/FreiraumGestaltenMenden\"]},{\"@type\":\"Person\",\"@id\":\"https:\/\/www.freiraum-gestalten-menden.de\/Web\/#\/schema\/person\/2edf642b6a8d05ebf4b05b86fa83d51f\",\"name\":\"NiCo_FG_Admin\",\"image\":{\"@type\":\"ImageObject\",\"inLanguage\":\"de\",\"@id\":\"https:\/\/www.freiraum-gestalten-menden.de\/Web\/#\/schema\/person\/image\/\",\"url\":\"https:\/\/secure.gravatar.com\/avatar\/41e91edcce94af85340b0e99a866885f?s=96&d=mm&r=g\",\"contentUrl\":\"https:\/\/secure.gravatar.com\/avatar\/41e91edcce94af85340b0e99a866885f?s=96&d=mm&r=g\",\"caption\":\"NiCo_FG_Admin\"},\"url\":\"https:\/\/www.freiraum-gestalten-menden.de\/Web\/author\/nico_fg_admin\/\"}]}<\/script>\n<!-- \/ Yoast SEO plugin. -->","yoast_head_json":{"title":"Video: \"Alexander Wotschel\" - Jubil\u00e4um 65 - Freiraum Gestalten Menden","description":"Neuigkeiten zu den Freiraum Gestalten!","robots":{"index":"index","follow":"follow","max-snippet":"max-snippet:-1","max-image-preview":"max-image-preview:large","max-video-preview":"max-video-preview:-1"},"canonical":"https:\/\/www.freiraum-gestalten-menden.de\/Web\/2016\/09\/06\/video-alexander-wotschel-jubilaeum-65\/","og_locale":"de_DE","og_type":"article","og_title":"Video: \"Alexander Wotschel\" - Jubil\u00e4um 65 - Freiraum Gestalten Menden","og_description":"Neuigkeiten zu den Freiraum Gestalten!","og_url":"https:\/\/www.freiraum-gestalten-menden.de\/Web\/2016\/09\/06\/video-alexander-wotschel-jubilaeum-65\/","og_site_name":"Freiraum Gestalten Menden","article_publisher":"https:\/\/www.facebook.com\/FreiraumGestaltenMenden","article_published_time":"2016-09-06T08:02:02+00:00","article_modified_time":"2024-04-25T11:26:27+00:00","og_image":[{"width":1108,"height":734,"url":"https:\/\/www.freiraum-gestalten-menden.de\/Web\/wp-content\/uploads\/2016\/09\/Wotschel.jpg","type":"image\/jpeg"}],"author":"NiCo_FG_Admin","twitter_card":"summary_large_image","twitter_misc":{"Verfasst von":"NiCo_FG_Admin","Gesch\u00e4tzte Lesezeit":"1\u00a0Minute"},"schema":{"@context":"https:\/\/schema.org","@graph":[{"@type":"Article","@id":"https:\/\/www.freiraum-gestalten-menden.de\/Web\/2016\/09\/06\/video-alexander-wotschel-jubilaeum-65\/#article","isPartOf":{"@id":"https:\/\/www.freiraum-gestalten-menden.de\/Web\/2016\/09\/06\/video-alexander-wotschel-jubilaeum-65\/"},"author":{"name":"NiCo_FG_Admin","@id":"https:\/\/www.freiraum-gestalten-menden.de\/Web\/#\/schema\/person\/2edf642b6a8d05ebf4b05b86fa83d51f"},"headline":"Video: &#8222;Alexander Wotschel&#8220; &#8211; Jubil\u00e4um 65","datePublished":"2016-09-06T08:02:02+00:00","dateModified":"2024-04-25T11:26:27+00:00","mainEntityOfPage":{"@id":"https:\/\/www.freiraum-gestalten-menden.de\/Web\/2016\/09\/06\/video-alexander-wotschel-jubilaeum-65\/"},"wordCount":88,"publisher":{"@id":"https:\/\/www.freiraum-gestalten-menden.de\/Web\/#organization"},"image":{"@id":"https:\/\/www.freiraum-gestalten-menden.de\/Web\/2016\/09\/06\/video-alexander-wotschel-jubilaeum-65\/#primaryimage"},"thumbnailUrl":"https:\/\/www.freiraum-gestalten-menden.de\/Web\/wp-content\/uploads\/2016\/09\/Wotschel.jpg","inLanguage":"de"},{"@type":"WebPage","@id":"https:\/\/www.freiraum-gestalten-menden.de\/Web\/2016\/09\/06\/video-alexander-wotschel-jubilaeum-65\/","url":"https:\/\/www.freiraum-gestalten-menden.de\/Web\/2016\/09\/06\/video-alexander-wotschel-jubilaeum-65\/","name":"Video: \"Alexander Wotschel\" - Jubil\u00e4um 65 - Freiraum Gestalten Menden","isPartOf":{"@id":"https:\/\/www.freiraum-gestalten-menden.de\/Web\/#website"},"primaryImageOfPage":{"@id":"https:\/\/www.freiraum-gestalten-menden.de\/Web\/2016\/09\/06\/video-alexander-wotschel-jubilaeum-65\/#primaryimage"},"image":{"@id":"https:\/\/www.freiraum-gestalten-menden.de\/Web\/2016\/09\/06\/video-alexander-wotschel-jubilaeum-65\/#primaryimage"},"thumbnailUrl":"https:\/\/www.freiraum-gestalten-menden.de\/Web\/wp-content\/uploads\/2016\/09\/Wotschel.jpg","datePublished":"2016-09-06T08:02:02+00:00","dateModified":"2024-04-25T11:26:27+00:00","description":"Neuigkeiten zu den Freiraum Gestalten!","breadcrumb":{"@id":"https:\/\/www.freiraum-gestalten-menden.de\/Web\/2016\/09\/06\/video-alexander-wotschel-jubilaeum-65\/#breadcrumb"},"inLanguage":"de","potentialAction":[{"@type":"ReadAction","target":["https:\/\/www.freiraum-gestalten-menden.de\/Web\/2016\/09\/06\/video-alexander-wotschel-jubilaeum-65\/"]}]},{"@type":"ImageObject","inLanguage":"de","@id":"https:\/\/www.freiraum-gestalten-menden.de\/Web\/2016\/09\/06\/video-alexander-wotschel-jubilaeum-65\/#primaryimage","url":"https:\/\/www.freiraum-gestalten-menden.de\/Web\/wp-content\/uploads\/2016\/09\/Wotschel.jpg","contentUrl":"https:\/\/www.freiraum-gestalten-menden.de\/Web\/wp-content\/uploads\/2016\/09\/Wotschel.jpg","width":1108,"height":734},{"@type":"BreadcrumbList","@id":"https:\/\/www.freiraum-gestalten-menden.de\/Web\/2016\/09\/06\/video-alexander-wotschel-jubilaeum-65\/#breadcrumb","itemListElement":[{"@type":"ListItem","position":1,"name":"Startseite","item":"https:\/\/www.freiraum-gestalten-menden.de\/Web\/"},{"@type":"ListItem","position":2,"name":"Video: &#8222;Alexander Wotschel&#8220; &#8211; Jubil\u00e4um 65"}]},{"@type":"WebSite","@id":"https:\/\/www.freiraum-gestalten-menden.de\/Web\/#website","url":"https:\/\/www.freiraum-gestalten-menden.de\/Web\/","name":"Freiraum Gestalten Menden","description":"Gemeinschaft Mendener K\u00fcnstler","publisher":{"@id":"https:\/\/www.freiraum-gestalten-menden.de\/Web\/#organization"},"potentialAction":[{"@type":"SearchAction","target":{"@type":"EntryPoint","urlTemplate":"https:\/\/www.freiraum-gestalten-menden.de\/Web\/?s={search_term_string}"},"query-input":{"@type":"PropertyValueSpecification","valueRequired":true,"valueName":"search_term_string"}}],"inLanguage":"de"},{"@type":"Organization","@id":"https:\/\/www.freiraum-gestalten-menden.de\/Web\/#organization","name":"Freiraum Gestalten Menden","url":"https:\/\/www.freiraum-gestalten-menden.de\/Web\/","logo":{"@type":"ImageObject","inLanguage":"de","@id":"https:\/\/www.freiraum-gestalten-menden.de\/Web\/#\/schema\/logo\/image\/","url":"https:\/\/www.freiraum-gestalten-menden.de\/Web\/wp-content\/uploads\/2024\/04\/FRG-FB-G.jpg","contentUrl":"https:\/\/www.freiraum-gestalten-menden.de\/Web\/wp-content\/uploads\/2024\/04\/FRG-FB-G.jpg","width":1181,"height":1181,"caption":"Freiraum Gestalten Menden"},"image":{"@id":"https:\/\/www.freiraum-gestalten-menden.de\/Web\/#\/schema\/logo\/image\/"},"sameAs":["https:\/\/www.facebook.com\/FreiraumGestaltenMenden"]},{"@type":"Person","@id":"https:\/\/www.freiraum-gestalten-menden.de\/Web\/#\/schema\/person\/2edf642b6a8d05ebf4b05b86fa83d51f","name":"NiCo_FG_Admin","image":{"@type":"ImageObject","inLanguage":"de","@id":"https:\/\/www.freiraum-gestalten-menden.de\/Web\/#\/schema\/person\/image\/","url":"https:\/\/secure.gravatar.com\/avatar\/41e91edcce94af85340b0e99a866885f?s=96&d=mm&r=g","contentUrl":"https:\/\/secure.gravatar.com\/avatar\/41e91edcce94af85340b0e99a866885f?s=96&d=mm&r=g","caption":"NiCo_FG_Admin"},"url":"https:\/\/www.freiraum-gestalten-menden.de\/Web\/author\/nico_fg_admin\/"}]}},"_links":{"self":[{"href":"https:\/\/www.freiraum-gestalten-menden.de\/Web\/wp-json\/wp\/v2\/posts\/495"}],"collection":[{"href":"https:\/\/www.freiraum-gestalten-menden.de\/Web\/wp-json\/wp\/v2\/posts"}],"about":[{"href":"https:\/\/www.freiraum-gestalten-menden.de\/Web\/wp-json\/wp\/v2\/types\/post"}],"author":[{"embeddable":true,"href":"https:\/\/www.freiraum-gestalten-menden.de\/Web\/wp-json\/wp\/v2\/users\/1"}],"replies":[{"embeddable":true,"href":"https:\/\/www.freiraum-gestalten-menden.de\/Web\/wp-json\/wp\/v2\/comments?post=495"}],"version-history":[{"count":0,"href":"https:\/\/www.freiraum-gestalten-menden.de\/Web\/wp-json\/wp\/v2\/posts\/495\/revisions"}],"wp:featuredmedia":[{"embeddable":true,"href":"https:\/\/www.freiraum-gestalten-menden.de\/Web\/wp-json\/wp\/v2\/media\/496"}],"wp:attachment":[{"href":"https:\/\/www.freiraum-gestalten-menden.de\/Web\/wp-json\/wp\/v2\/media?parent=495"}],"wp:term":[{"taxonomy":"category","embeddable":true,"href":"https:\/\/www.freiraum-gestalten-menden.de\/Web\/wp-json\/wp\/v2\/categories?post=495"},{"taxonomy":"post_tag","embeddable":true,"href":"https:\/\/www.freiraum-gestalten-menden.de\/Web\/wp-json\/wp\/v2\/tags?post=495"}],"curies":[{"name":"wp","href":"https:\/\/api.w.org\/{rel}","templated":true}]}}