{"id":446,"date":"2016-08-22T19:22:15","date_gmt":"2016-08-22T17:22:15","guid":{"rendered":"http:\/\/www.freiraum-gestalten-menden.de\/Web\/?p=446"},"modified":"2024-04-25T13:26:34","modified_gmt":"2024-04-25T11:26:34","slug":"ausstellung-alexander-wotschel","status":"publish","type":"post","link":"https:\/\/www.freiraum-gestalten-menden.de\/Web\/2016\/08\/22\/ausstellung-alexander-wotschel\/","title":{"rendered":"Vernissage: Alexander Wotschel"},"content":{"rendered":"<p>Ab Sonntag dem 4.September 2016 pr\u00e4sentiert <a href=\"http:\/\/www.freiraum-gestalten-menden.de\/Web\/alexander-wotschel\/\">Alexander Wotschel<\/a> im Foyer des Neuen Rathauses in Menden seine Ausstellung: <strong>&#8222;Jubil\u00e4um 65 &#8211; k\u00fcnstlerischer R\u00fcckblick&#8220;<\/strong>. Die Vernissage findet um 15 Uhr statt und wird vom Leiter des Kulturb\u00fcros Menden Michael Roth er\u00f6ffnet. Musikalisch wird die Vernissage von der st\u00e4dtischen Musikschule begleitet.<\/p>\n<p>Die Ausstellung kann nach der Vernissage zu den \u00d6ffnungszeiten des Rathauses Menden (Mo.-Do. 8-18 Uhr &amp; Fr. 8-13 Uhr) bis zum 21.09.2016 besucht werden.<\/p>\n<p>Ein Video zur Ausstellungser\u00f6ffnung mit Interview des K\u00fcnstler k\u00f6nnen Sie <a href=\"http:\/\/www.freiraum-gestalten-menden.de\/Web\/2016\/09\/06\/video-alexander-wotschel-jubilaeum-65\/\">HIER<\/a> sehen.<\/p>\n<p><strong><br \/>\n<span id=\"transmark\" style=\"display: none; width: 0px; height: 0px;\"><\/span>Wegbeschreibung:<br \/>\n<\/strong><br \/>\n<iframe style=\"border: 0;\" src=\"https:\/\/www.google.com\/maps\/embed?pb=!1m18!1m12!1m3!1d2487.154318677764!2d7.792094851424968!3d51.436959779523605!2m3!1f0!2f0!3f0!3m2!1i1024!2i768!4f13.1!3m3!1m2!1s0x47b969e8f062d3dd%3A0x56a48724ee7358e8!2sNeumarkt+5%2C+58706+Menden+(Sauerland)!5e0!3m2!1sde!2sde!4v1473169289717\" width=\"600\" height=\"450\" frameborder=\"0\" allowfullscreen=\"allowfullscreen\"><\/iframe><\/p>\n","protected":false},"excerpt":{"rendered":"<p>Ab Sonntag dem 4.September 2016 pr\u00e4sentiert Alexander Wotschel im Foyer des Neuen Rathauses in Menden seine Ausstellung: &#8222;Jubil\u00e4um 65 &#8211; k\u00fcnstlerischer R\u00fcckblick&#8220;. Die Vernissage findet um 15 Uhr statt und wird vom Leiter des Kulturb\u00fcros Menden Michael Roth er\u00f6ffnet. Musikalisch wird die Vernissage von der st\u00e4dtischen Musikschule begleitet. Die Ausstellung kann nach der Vernissage zu [&hellip;]<\/p>\n","protected":false},"author":1,"featured_media":449,"comment_status":"closed","ping_status":"closed","sticky":false,"template":"","format":"standard","meta":{"footnotes":""},"categories":[1],"tags":[],"class_list":["post-446","post","type-post","status-publish","format-standard","has-post-thumbnail","hentry","category-allgemein"],"yoast_head":"<!-- This site is optimized with the Yoast SEO plugin v25.6 - https:\/\/yoast.com\/wordpress\/plugins\/seo\/ -->\n<title>Vernissage: Alexander Wotschel - Freiraum Gestalten Menden<\/title>\n<meta name=\"description\" content=\"Neuigkeiten zu den Freiraum Gestalten!\" \/>\n<meta name=\"robots\" content=\"index, follow, max-snippet:-1, max-image-preview:large, max-video-preview:-1\" \/>\n<link rel=\"canonical\" href=\"https:\/\/www.freiraum-gestalten-menden.de\/Web\/2016\/08\/22\/ausstellung-alexander-wotschel\/\" \/>\n<meta property=\"og:locale\" content=\"de_DE\" \/>\n<meta property=\"og:type\" content=\"article\" \/>\n<meta property=\"og:title\" content=\"Vernissage: Alexander Wotschel - Freiraum Gestalten Menden\" \/>\n<meta property=\"og:description\" content=\"Neuigkeiten zu den Freiraum Gestalten!\" \/>\n<meta property=\"og:url\" content=\"https:\/\/www.freiraum-gestalten-menden.de\/Web\/2016\/08\/22\/ausstellung-alexander-wotschel\/\" \/>\n<meta property=\"og:site_name\" content=\"Freiraum Gestalten Menden\" \/>\n<meta property=\"article:publisher\" content=\"https:\/\/www.facebook.com\/FreiraumGestaltenMenden\" \/>\n<meta property=\"article:published_time\" content=\"2016-08-22T17:22:15+00:00\" \/>\n<meta property=\"article:modified_time\" content=\"2024-04-25T11:26:34+00:00\" \/>\n<meta property=\"og:image\" content=\"https:\/\/www.freiraum-gestalten-menden.de\/Web\/wp-content\/uploads\/2016\/08\/BB_Wotschel.png\" \/>\n\t<meta property=\"og:image:width\" content=\"209\" \/>\n\t<meta property=\"og:image:height\" content=\"109\" \/>\n\t<meta property=\"og:image:type\" content=\"image\/png\" \/>\n<meta name=\"author\" content=\"NiCo_FG_Admin\" \/>\n<meta name=\"twitter:card\" content=\"summary_large_image\" \/>\n<meta name=\"twitter:label1\" content=\"Verfasst von\" \/>\n\t<meta name=\"twitter:data1\" content=\"NiCo_FG_Admin\" \/>\n\t<meta name=\"twitter:label2\" content=\"Gesch\u00e4tzte Lesezeit\" \/>\n\t<meta name=\"twitter:data2\" content=\"1\u00a0Minute\" \/>\n<script type=\"application\/ld+json\" class=\"yoast-schema-graph\">{\"@context\":\"https:\/\/schema.org\",\"@graph\":[{\"@type\":\"Article\",\"@id\":\"https:\/\/www.freiraum-gestalten-menden.de\/Web\/2016\/08\/22\/ausstellung-alexander-wotschel\/#article\",\"isPartOf\":{\"@id\":\"https:\/\/www.freiraum-gestalten-menden.de\/Web\/2016\/08\/22\/ausstellung-alexander-wotschel\/\"},\"author\":{\"name\":\"NiCo_FG_Admin\",\"@id\":\"https:\/\/www.freiraum-gestalten-menden.de\/Web\/#\/schema\/person\/2edf642b6a8d05ebf4b05b86fa83d51f\"},\"headline\":\"Vernissage: Alexander Wotschel\",\"datePublished\":\"2016-08-22T17:22:15+00:00\",\"dateModified\":\"2024-04-25T11:26:34+00:00\",\"mainEntityOfPage\":{\"@id\":\"https:\/\/www.freiraum-gestalten-menden.de\/Web\/2016\/08\/22\/ausstellung-alexander-wotschel\/\"},\"wordCount\":95,\"publisher\":{\"@id\":\"https:\/\/www.freiraum-gestalten-menden.de\/Web\/#organization\"},\"image\":{\"@id\":\"https:\/\/www.freiraum-gestalten-menden.de\/Web\/2016\/08\/22\/ausstellung-alexander-wotschel\/#primaryimage\"},\"thumbnailUrl\":\"https:\/\/www.freiraum-gestalten-menden.de\/Web\/wp-content\/uploads\/2016\/08\/BB_Wotschel.png\",\"inLanguage\":\"de\"},{\"@type\":\"WebPage\",\"@id\":\"https:\/\/www.freiraum-gestalten-menden.de\/Web\/2016\/08\/22\/ausstellung-alexander-wotschel\/\",\"url\":\"https:\/\/www.freiraum-gestalten-menden.de\/Web\/2016\/08\/22\/ausstellung-alexander-wotschel\/\",\"name\":\"Vernissage: Alexander Wotschel - Freiraum Gestalten Menden\",\"isPartOf\":{\"@id\":\"https:\/\/www.freiraum-gestalten-menden.de\/Web\/#website\"},\"primaryImageOfPage\":{\"@id\":\"https:\/\/www.freiraum-gestalten-menden.de\/Web\/2016\/08\/22\/ausstellung-alexander-wotschel\/#primaryimage\"},\"image\":{\"@id\":\"https:\/\/www.freiraum-gestalten-menden.de\/Web\/2016\/08\/22\/ausstellung-alexander-wotschel\/#primaryimage\"},\"thumbnailUrl\":\"https:\/\/www.freiraum-gestalten-menden.de\/Web\/wp-content\/uploads\/2016\/08\/BB_Wotschel.png\",\"datePublished\":\"2016-08-22T17:22:15+00:00\",\"dateModified\":\"2024-04-25T11:26:34+00:00\",\"description\":\"Neuigkeiten zu den Freiraum Gestalten!\",\"breadcrumb\":{\"@id\":\"https:\/\/www.freiraum-gestalten-menden.de\/Web\/2016\/08\/22\/ausstellung-alexander-wotschel\/#breadcrumb\"},\"inLanguage\":\"de\",\"potentialAction\":[{\"@type\":\"ReadAction\",\"target\":[\"https:\/\/www.freiraum-gestalten-menden.de\/Web\/2016\/08\/22\/ausstellung-alexander-wotschel\/\"]}]},{\"@type\":\"ImageObject\",\"inLanguage\":\"de\",\"@id\":\"https:\/\/www.freiraum-gestalten-menden.de\/Web\/2016\/08\/22\/ausstellung-alexander-wotschel\/#primaryimage\",\"url\":\"https:\/\/www.freiraum-gestalten-menden.de\/Web\/wp-content\/uploads\/2016\/08\/BB_Wotschel.png\",\"contentUrl\":\"https:\/\/www.freiraum-gestalten-menden.de\/Web\/wp-content\/uploads\/2016\/08\/BB_Wotschel.png\",\"width\":209,\"height\":109},{\"@type\":\"BreadcrumbList\",\"@id\":\"https:\/\/www.freiraum-gestalten-menden.de\/Web\/2016\/08\/22\/ausstellung-alexander-wotschel\/#breadcrumb\",\"itemListElement\":[{\"@type\":\"ListItem\",\"position\":1,\"name\":\"Startseite\",\"item\":\"https:\/\/www.freiraum-gestalten-menden.de\/Web\/\"},{\"@type\":\"ListItem\",\"position\":2,\"name\":\"Vernissage: Alexander Wotschel\"}]},{\"@type\":\"WebSite\",\"@id\":\"https:\/\/www.freiraum-gestalten-menden.de\/Web\/#website\",\"url\":\"https:\/\/www.freiraum-gestalten-menden.de\/Web\/\",\"name\":\"Freiraum Gestalten Menden\",\"description\":\"Gemeinschaft Mendener K\u00fcnstler\",\"publisher\":{\"@id\":\"https:\/\/www.freiraum-gestalten-menden.de\/Web\/#organization\"},\"potentialAction\":[{\"@type\":\"SearchAction\",\"target\":{\"@type\":\"EntryPoint\",\"urlTemplate\":\"https:\/\/www.freiraum-gestalten-menden.de\/Web\/?s={search_term_string}\"},\"query-input\":{\"@type\":\"PropertyValueSpecification\",\"valueRequired\":true,\"valueName\":\"search_term_string\"}}],\"inLanguage\":\"de\"},{\"@type\":\"Organization\",\"@id\":\"https:\/\/www.freiraum-gestalten-menden.de\/Web\/#organization\",\"name\":\"Freiraum Gestalten Menden\",\"url\":\"https:\/\/www.freiraum-gestalten-menden.de\/Web\/\",\"logo\":{\"@type\":\"ImageObject\",\"inLanguage\":\"de\",\"@id\":\"https:\/\/www.freiraum-gestalten-menden.de\/Web\/#\/schema\/logo\/image\/\",\"url\":\"https:\/\/www.freiraum-gestalten-menden.de\/Web\/wp-content\/uploads\/2024\/04\/FRG-FB-G.jpg\",\"contentUrl\":\"https:\/\/www.freiraum-gestalten-menden.de\/Web\/wp-content\/uploads\/2024\/04\/FRG-FB-G.jpg\",\"width\":1181,\"height\":1181,\"caption\":\"Freiraum Gestalten Menden\"},\"image\":{\"@id\":\"https:\/\/www.freiraum-gestalten-menden.de\/Web\/#\/schema\/logo\/image\/\"},\"sameAs\":[\"https:\/\/www.facebook.com\/FreiraumGestaltenMenden\"]},{\"@type\":\"Person\",\"@id\":\"https:\/\/www.freiraum-gestalten-menden.de\/Web\/#\/schema\/person\/2edf642b6a8d05ebf4b05b86fa83d51f\",\"name\":\"NiCo_FG_Admin\",\"image\":{\"@type\":\"ImageObject\",\"inLanguage\":\"de\",\"@id\":\"https:\/\/www.freiraum-gestalten-menden.de\/Web\/#\/schema\/person\/image\/\",\"url\":\"https:\/\/secure.gravatar.com\/avatar\/41e91edcce94af85340b0e99a866885f?s=96&d=mm&r=g\",\"contentUrl\":\"https:\/\/secure.gravatar.com\/avatar\/41e91edcce94af85340b0e99a866885f?s=96&d=mm&r=g\",\"caption\":\"NiCo_FG_Admin\"},\"url\":\"https:\/\/www.freiraum-gestalten-menden.de\/Web\/author\/nico_fg_admin\/\"}]}<\/script>\n<!-- \/ Yoast SEO plugin. -->","yoast_head_json":{"title":"Vernissage: Alexander Wotschel - Freiraum Gestalten Menden","description":"Neuigkeiten zu den Freiraum Gestalten!","robots":{"index":"index","follow":"follow","max-snippet":"max-snippet:-1","max-image-preview":"max-image-preview:large","max-video-preview":"max-video-preview:-1"},"canonical":"https:\/\/www.freiraum-gestalten-menden.de\/Web\/2016\/08\/22\/ausstellung-alexander-wotschel\/","og_locale":"de_DE","og_type":"article","og_title":"Vernissage: Alexander Wotschel - Freiraum Gestalten Menden","og_description":"Neuigkeiten zu den Freiraum Gestalten!","og_url":"https:\/\/www.freiraum-gestalten-menden.de\/Web\/2016\/08\/22\/ausstellung-alexander-wotschel\/","og_site_name":"Freiraum Gestalten Menden","article_publisher":"https:\/\/www.facebook.com\/FreiraumGestaltenMenden","article_published_time":"2016-08-22T17:22:15+00:00","article_modified_time":"2024-04-25T11:26:34+00:00","og_image":[{"width":209,"height":109,"url":"https:\/\/www.freiraum-gestalten-menden.de\/Web\/wp-content\/uploads\/2016\/08\/BB_Wotschel.png","type":"image\/png"}],"author":"NiCo_FG_Admin","twitter_card":"summary_large_image","twitter_misc":{"Verfasst von":"NiCo_FG_Admin","Gesch\u00e4tzte Lesezeit":"1\u00a0Minute"},"schema":{"@context":"https:\/\/schema.org","@graph":[{"@type":"Article","@id":"https:\/\/www.freiraum-gestalten-menden.de\/Web\/2016\/08\/22\/ausstellung-alexander-wotschel\/#article","isPartOf":{"@id":"https:\/\/www.freiraum-gestalten-menden.de\/Web\/2016\/08\/22\/ausstellung-alexander-wotschel\/"},"author":{"name":"NiCo_FG_Admin","@id":"https:\/\/www.freiraum-gestalten-menden.de\/Web\/#\/schema\/person\/2edf642b6a8d05ebf4b05b86fa83d51f"},"headline":"Vernissage: Alexander Wotschel","datePublished":"2016-08-22T17:22:15+00:00","dateModified":"2024-04-25T11:26:34+00:00","mainEntityOfPage":{"@id":"https:\/\/www.freiraum-gestalten-menden.de\/Web\/2016\/08\/22\/ausstellung-alexander-wotschel\/"},"wordCount":95,"publisher":{"@id":"https:\/\/www.freiraum-gestalten-menden.de\/Web\/#organization"},"image":{"@id":"https:\/\/www.freiraum-gestalten-menden.de\/Web\/2016\/08\/22\/ausstellung-alexander-wotschel\/#primaryimage"},"thumbnailUrl":"https:\/\/www.freiraum-gestalten-menden.de\/Web\/wp-content\/uploads\/2016\/08\/BB_Wotschel.png","inLanguage":"de"},{"@type":"WebPage","@id":"https:\/\/www.freiraum-gestalten-menden.de\/Web\/2016\/08\/22\/ausstellung-alexander-wotschel\/","url":"https:\/\/www.freiraum-gestalten-menden.de\/Web\/2016\/08\/22\/ausstellung-alexander-wotschel\/","name":"Vernissage: Alexander Wotschel - Freiraum Gestalten Menden","isPartOf":{"@id":"https:\/\/www.freiraum-gestalten-menden.de\/Web\/#website"},"primaryImageOfPage":{"@id":"https:\/\/www.freiraum-gestalten-menden.de\/Web\/2016\/08\/22\/ausstellung-alexander-wotschel\/#primaryimage"},"image":{"@id":"https:\/\/www.freiraum-gestalten-menden.de\/Web\/2016\/08\/22\/ausstellung-alexander-wotschel\/#primaryimage"},"thumbnailUrl":"https:\/\/www.freiraum-gestalten-menden.de\/Web\/wp-content\/uploads\/2016\/08\/BB_Wotschel.png","datePublished":"2016-08-22T17:22:15+00:00","dateModified":"2024-04-25T11:26:34+00:00","description":"Neuigkeiten zu den Freiraum Gestalten!","breadcrumb":{"@id":"https:\/\/www.freiraum-gestalten-menden.de\/Web\/2016\/08\/22\/ausstellung-alexander-wotschel\/#breadcrumb"},"inLanguage":"de","potentialAction":[{"@type":"ReadAction","target":["https:\/\/www.freiraum-gestalten-menden.de\/Web\/2016\/08\/22\/ausstellung-alexander-wotschel\/"]}]},{"@type":"ImageObject","inLanguage":"de","@id":"https:\/\/www.freiraum-gestalten-menden.de\/Web\/2016\/08\/22\/ausstellung-alexander-wotschel\/#primaryimage","url":"https:\/\/www.freiraum-gestalten-menden.de\/Web\/wp-content\/uploads\/2016\/08\/BB_Wotschel.png","contentUrl":"https:\/\/www.freiraum-gestalten-menden.de\/Web\/wp-content\/uploads\/2016\/08\/BB_Wotschel.png","width":209,"height":109},{"@type":"BreadcrumbList","@id":"https:\/\/www.freiraum-gestalten-menden.de\/Web\/2016\/08\/22\/ausstellung-alexander-wotschel\/#breadcrumb","itemListElement":[{"@type":"ListItem","position":1,"name":"Startseite","item":"https:\/\/www.freiraum-gestalten-menden.de\/Web\/"},{"@type":"ListItem","position":2,"name":"Vernissage: Alexander Wotschel"}]},{"@type":"WebSite","@id":"https:\/\/www.freiraum-gestalten-menden.de\/Web\/#website","url":"https:\/\/www.freiraum-gestalten-menden.de\/Web\/","name":"Freiraum Gestalten Menden","description":"Gemeinschaft Mendener K\u00fcnstler","publisher":{"@id":"https:\/\/www.freiraum-gestalten-menden.de\/Web\/#organization"},"potentialAction":[{"@type":"SearchAction","target":{"@type":"EntryPoint","urlTemplate":"https:\/\/www.freiraum-gestalten-menden.de\/Web\/?s={search_term_string}"},"query-input":{"@type":"PropertyValueSpecification","valueRequired":true,"valueName":"search_term_string"}}],"inLanguage":"de"},{"@type":"Organization","@id":"https:\/\/www.freiraum-gestalten-menden.de\/Web\/#organization","name":"Freiraum Gestalten Menden","url":"https:\/\/www.freiraum-gestalten-menden.de\/Web\/","logo":{"@type":"ImageObject","inLanguage":"de","@id":"https:\/\/www.freiraum-gestalten-menden.de\/Web\/#\/schema\/logo\/image\/","url":"https:\/\/www.freiraum-gestalten-menden.de\/Web\/wp-content\/uploads\/2024\/04\/FRG-FB-G.jpg","contentUrl":"https:\/\/www.freiraum-gestalten-menden.de\/Web\/wp-content\/uploads\/2024\/04\/FRG-FB-G.jpg","width":1181,"height":1181,"caption":"Freiraum Gestalten Menden"},"image":{"@id":"https:\/\/www.freiraum-gestalten-menden.de\/Web\/#\/schema\/logo\/image\/"},"sameAs":["https:\/\/www.facebook.com\/FreiraumGestaltenMenden"]},{"@type":"Person","@id":"https:\/\/www.freiraum-gestalten-menden.de\/Web\/#\/schema\/person\/2edf642b6a8d05ebf4b05b86fa83d51f","name":"NiCo_FG_Admin","image":{"@type":"ImageObject","inLanguage":"de","@id":"https:\/\/www.freiraum-gestalten-menden.de\/Web\/#\/schema\/person\/image\/","url":"https:\/\/secure.gravatar.com\/avatar\/41e91edcce94af85340b0e99a866885f?s=96&d=mm&r=g","contentUrl":"https:\/\/secure.gravatar.com\/avatar\/41e91edcce94af85340b0e99a866885f?s=96&d=mm&r=g","caption":"NiCo_FG_Admin"},"url":"https:\/\/www.freiraum-gestalten-menden.de\/Web\/author\/nico_fg_admin\/"}]}},"_links":{"self":[{"href":"https:\/\/www.freiraum-gestalten-menden.de\/Web\/wp-json\/wp\/v2\/posts\/446"}],"collection":[{"href":"https:\/\/www.freiraum-gestalten-menden.de\/Web\/wp-json\/wp\/v2\/posts"}],"about":[{"href":"https:\/\/www.freiraum-gestalten-menden.de\/Web\/wp-json\/wp\/v2\/types\/post"}],"author":[{"embeddable":true,"href":"https:\/\/www.freiraum-gestalten-menden.de\/Web\/wp-json\/wp\/v2\/users\/1"}],"replies":[{"embeddable":true,"href":"https:\/\/www.freiraum-gestalten-menden.de\/Web\/wp-json\/wp\/v2\/comments?post=446"}],"version-history":[{"count":0,"href":"https:\/\/www.freiraum-gestalten-menden.de\/Web\/wp-json\/wp\/v2\/posts\/446\/revisions"}],"wp:featuredmedia":[{"embeddable":true,"href":"https:\/\/www.freiraum-gestalten-menden.de\/Web\/wp-json\/wp\/v2\/media\/449"}],"wp:attachment":[{"href":"https:\/\/www.freiraum-gestalten-menden.de\/Web\/wp-json\/wp\/v2\/media?parent=446"}],"wp:term":[{"taxonomy":"category","embeddable":true,"href":"https:\/\/www.freiraum-gestalten-menden.de\/Web\/wp-json\/wp\/v2\/categories?post=446"},{"taxonomy":"post_tag","embeddable":true,"href":"https:\/\/www.freiraum-gestalten-menden.de\/Web\/wp-json\/wp\/v2\/tags?post=446"}],"curies":[{"name":"wp","href":"https:\/\/api.w.org\/{rel}","templated":true}]}}