{"id":3150,"date":"2026-08-27T10:11:21","date_gmt":"2026-08-27T08:11:21","guid":{"rendered":"https:\/\/www.freiraum-gestalten-menden.de\/Web\/?p=3150"},"modified":"2026-08-27T10:15:33","modified_gmt":"2026-08-27T08:15:33","slug":"aktionstag-in-der-galerie-freiraumgestalten-zur-750-jahre-menden-feier","status":"publish","type":"post","link":"https:\/\/www.freiraum-gestalten-menden.de\/Web\/2026\/08\/27\/aktionstag-in-der-galerie-freiraumgestalten-zur-750-jahre-menden-feier\/","title":{"rendered":"Aktionstag in der Galerie FreiraumGestalten zur 750 Jahre Menden Feier"},"content":{"rendered":"\n<p>in der Innenstadt am 05.09.2026 &#8222;Finde und Teile Dein Talent&#8220; der zweite. Im letzten Jahr gab es die erste Veranstaltung, die sehr gut angenommen wurde.<\/p>\n\n\n\n<p>Beim zentralen Jubil\u00e4umsfest in der Mendener Innenstadt am 5. September anl\u00e4sslich des 750-j\u00e4hrigen Stadtjubil\u00e4ums sind wir dabei mit unserem &#8222;Aktionstag f\u00fcr Jeden&#8220; unter dem Motto &#8222;Gest\u00e4rkt f\u00fcr jede Klima-Lage mit Resillienz und Achtsamkeit&#8220;<\/p>\n\n\n\n<p>Aktiv sind: Musikschule Balve mit Instrumenten zum ausprobieren, Malteser Hilfsdienst mit Erste Hilfe Massnahmen zur Selbsthilfe f\u00fcr Kinder und Erwachsene, FreiraumGestalten mit k\u00fcnstlerischen und handwerklichen Atkionen, Aktiv sein d\u00fcrfen an der T\u00f6pferscheibe, malen und zeichnen mit und ohne Unterst\u00fctzung (Materialien sind vorhanden). Die entstandenen Arbeiten werden 4 Wochen in unserer Galerie ausgestellt.<\/p>\n\n\n\n<p>Es laden ein: Caritas Iserlohn, Menden, Hemer, Balve e.V. Fluthilfekoordination<\/p>\n\n\n\n<p>Musikschule Balve, Malteser Hilfsdienst e.V. Und die K\u00fcnstlerinitiative FreiraumGestalten.<\/p>\n\n\n\n<figure class=\"wp-block-image size-large\"><img fetchpriority=\"high\" decoding=\"async\" width=\"576\" height=\"1024\" src=\"https:\/\/www.freiraum-gestalten-menden.de\/Web\/wp-content\/uploads\/2026\/08\/Aktionstag-5.9.2026-576x1024.jpg\" alt=\"\" class=\"wp-image-3151\" srcset=\"https:\/\/www.freiraum-gestalten-menden.de\/Web\/wp-content\/uploads\/2026\/08\/Aktionstag-5.9.2026-576x1024.jpg 576w, https:\/\/www.freiraum-gestalten-menden.de\/Web\/wp-content\/uploads\/2026\/08\/Aktionstag-5.9.2026-169x300.jpg 169w, https:\/\/www.freiraum-gestalten-menden.de\/Web\/wp-content\/uploads\/2026\/08\/Aktionstag-5.9.2026-768x1365.jpg 768w, https:\/\/www.freiraum-gestalten-menden.de\/Web\/wp-content\/uploads\/2026\/08\/Aktionstag-5.9.2026-864x1536.jpg 864w, https:\/\/www.freiraum-gestalten-menden.de\/Web\/wp-content\/uploads\/2026\/08\/Aktionstag-5.9.2026.jpg 1152w\" sizes=\"(max-width: 576px) 100vw, 576px\" \/><\/figure>\n","protected":false},"excerpt":{"rendered":"<p>in der Innenstadt am 05.09.2026 &#8222;Finde und Teile Dein Talent&#8220; der zweite. Im letzten Jahr gab es die erste Veranstaltung, die sehr gut angenommen wurde. Beim zentralen Jubil\u00e4umsfest in der Mendener Innenstadt am 5. September anl\u00e4sslich des 750-j\u00e4hrigen Stadtjubil\u00e4ums sind wir dabei mit unserem &#8222;Aktionstag f\u00fcr Jeden&#8220; unter dem Motto &#8222;Gest\u00e4rkt f\u00fcr jede Klima-Lage mit [&hellip;]<\/p>\n","protected":false},"author":2,"featured_media":3154,"comment_status":"open","ping_status":"open","sticky":false,"template":"","format":"standard","meta":{"footnotes":""},"categories":[1],"tags":[],"class_list":["post-3150","post","type-post","status-publish","format-standard","has-post-thumbnail","hentry","category-allgemein"],"yoast_head":"<!-- This site is optimized with the Yoast SEO plugin v25.6 - https:\/\/yoast.com\/wordpress\/plugins\/seo\/ -->\n<title>Aktionstag in der Galerie FreiraumGestalten zur 750 Jahre Menden Feier - Freiraum Gestalten Menden<\/title>\n<meta name=\"robots\" content=\"index, follow, max-snippet:-1, max-image-preview:large, max-video-preview:-1\" \/>\n<link rel=\"canonical\" href=\"https:\/\/www.freiraum-gestalten-menden.de\/Web\/2026\/08\/27\/aktionstag-in-der-galerie-freiraumgestalten-zur-750-jahre-menden-feier\/\" \/>\n<meta property=\"og:locale\" content=\"de_DE\" \/>\n<meta property=\"og:type\" content=\"article\" \/>\n<meta property=\"og:title\" content=\"Aktionstag in der Galerie FreiraumGestalten zur 750 Jahre Menden Feier - Freiraum Gestalten Menden\" \/>\n<meta property=\"og:description\" content=\"in der Innenstadt am 05.09.2026 &#8222;Finde und Teile Dein Talent&#8220; der zweite. Im letzten Jahr gab es die erste Veranstaltung, die sehr gut angenommen wurde. Beim zentralen Jubil\u00e4umsfest in der Mendener Innenstadt am 5. September anl\u00e4sslich des 750-j\u00e4hrigen Stadtjubil\u00e4ums sind wir dabei mit unserem &#8222;Aktionstag f\u00fcr Jeden&#8220; unter dem Motto &#8222;Gest\u00e4rkt f\u00fcr jede Klima-Lage mit [&hellip;]\" \/>\n<meta property=\"og:url\" content=\"https:\/\/www.freiraum-gestalten-menden.de\/Web\/2026\/08\/27\/aktionstag-in-der-galerie-freiraumgestalten-zur-750-jahre-menden-feier\/\" \/>\n<meta property=\"og:site_name\" content=\"Freiraum Gestalten Menden\" \/>\n<meta property=\"article:publisher\" content=\"https:\/\/www.facebook.com\/FreiraumGestaltenMenden\" \/>\n<meta property=\"article:published_time\" content=\"2026-08-27T08:11:21+00:00\" \/>\n<meta property=\"article:modified_time\" content=\"2026-08-27T08:15:33+00:00\" \/>\n<meta property=\"og:image\" content=\"https:\/\/www.freiraum-gestalten-menden.de\/Web\/wp-content\/uploads\/2026\/08\/Aktionstag-5.9.2026-2.jpg\" \/>\n\t<meta property=\"og:image:width\" content=\"686\" \/>\n\t<meta property=\"og:image:height\" content=\"686\" \/>\n\t<meta property=\"og:image:type\" content=\"image\/jpeg\" \/>\n<meta name=\"author\" content=\"Corinna H\u00e4u\u00dfler\" \/>\n<meta name=\"twitter:card\" content=\"summary_large_image\" \/>\n<meta name=\"twitter:label1\" content=\"Verfasst von\" \/>\n\t<meta name=\"twitter:data1\" content=\"Corinna H\u00e4u\u00dfler\" \/>\n\t<meta name=\"twitter:label2\" content=\"Gesch\u00e4tzte Lesezeit\" \/>\n\t<meta name=\"twitter:data2\" content=\"2\u00a0Minuten\" \/>\n<script type=\"application\/ld+json\" class=\"yoast-schema-graph\">{\"@context\":\"https:\/\/schema.org\",\"@graph\":[{\"@type\":\"Article\",\"@id\":\"https:\/\/www.freiraum-gestalten-menden.de\/Web\/2026\/08\/27\/aktionstag-in-der-galerie-freiraumgestalten-zur-750-jahre-menden-feier\/#article\",\"isPartOf\":{\"@id\":\"https:\/\/www.freiraum-gestalten-menden.de\/Web\/2026\/08\/27\/aktionstag-in-der-galerie-freiraumgestalten-zur-750-jahre-menden-feier\/\"},\"author\":{\"name\":\"Corinna H\u00e4u\u00dfler\",\"@id\":\"https:\/\/www.freiraum-gestalten-menden.de\/Web\/#\/schema\/person\/dd7dfeeefea04497046bd54ec103ebba\"},\"headline\":\"Aktionstag in der Galerie FreiraumGestalten zur 750 Jahre Menden Feier\",\"datePublished\":\"2026-08-27T08:11:21+00:00\",\"dateModified\":\"2026-08-27T08:15:33+00:00\",\"mainEntityOfPage\":{\"@id\":\"https:\/\/www.freiraum-gestalten-menden.de\/Web\/2026\/08\/27\/aktionstag-in-der-galerie-freiraumgestalten-zur-750-jahre-menden-feier\/\"},\"wordCount\":150,\"commentCount\":0,\"publisher\":{\"@id\":\"https:\/\/www.freiraum-gestalten-menden.de\/Web\/#organization\"},\"image\":{\"@id\":\"https:\/\/www.freiraum-gestalten-menden.de\/Web\/2026\/08\/27\/aktionstag-in-der-galerie-freiraumgestalten-zur-750-jahre-menden-feier\/#primaryimage\"},\"thumbnailUrl\":\"https:\/\/www.freiraum-gestalten-menden.de\/Web\/wp-content\/uploads\/2026\/08\/Aktionstag-5.9.2026-2.jpg\",\"inLanguage\":\"de\",\"potentialAction\":[{\"@type\":\"CommentAction\",\"name\":\"Comment\",\"target\":[\"https:\/\/www.freiraum-gestalten-menden.de\/Web\/2026\/08\/27\/aktionstag-in-der-galerie-freiraumgestalten-zur-750-jahre-menden-feier\/#respond\"]}]},{\"@type\":\"WebPage\",\"@id\":\"https:\/\/www.freiraum-gestalten-menden.de\/Web\/2026\/08\/27\/aktionstag-in-der-galerie-freiraumgestalten-zur-750-jahre-menden-feier\/\",\"url\":\"https:\/\/www.freiraum-gestalten-menden.de\/Web\/2026\/08\/27\/aktionstag-in-der-galerie-freiraumgestalten-zur-750-jahre-menden-feier\/\",\"name\":\"Aktionstag in der Galerie FreiraumGestalten zur 750 Jahre Menden Feier - Freiraum Gestalten Menden\",\"isPartOf\":{\"@id\":\"https:\/\/www.freiraum-gestalten-menden.de\/Web\/#website\"},\"primaryImageOfPage\":{\"@id\":\"https:\/\/www.freiraum-gestalten-menden.de\/Web\/2026\/08\/27\/aktionstag-in-der-galerie-freiraumgestalten-zur-750-jahre-menden-feier\/#primaryimage\"},\"image\":{\"@id\":\"https:\/\/www.freiraum-gestalten-menden.de\/Web\/2026\/08\/27\/aktionstag-in-der-galerie-freiraumgestalten-zur-750-jahre-menden-feier\/#primaryimage\"},\"thumbnailUrl\":\"https:\/\/www.freiraum-gestalten-menden.de\/Web\/wp-content\/uploads\/2026\/08\/Aktionstag-5.9.2026-2.jpg\",\"datePublished\":\"2026-08-27T08:11:21+00:00\",\"dateModified\":\"2026-08-27T08:15:33+00:00\",\"breadcrumb\":{\"@id\":\"https:\/\/www.freiraum-gestalten-menden.de\/Web\/2026\/08\/27\/aktionstag-in-der-galerie-freiraumgestalten-zur-750-jahre-menden-feier\/#breadcrumb\"},\"inLanguage\":\"de\",\"potentialAction\":[{\"@type\":\"ReadAction\",\"target\":[\"https:\/\/www.freiraum-gestalten-menden.de\/Web\/2026\/08\/27\/aktionstag-in-der-galerie-freiraumgestalten-zur-750-jahre-menden-feier\/\"]}]},{\"@type\":\"ImageObject\",\"inLanguage\":\"de\",\"@id\":\"https:\/\/www.freiraum-gestalten-menden.de\/Web\/2026\/08\/27\/aktionstag-in-der-galerie-freiraumgestalten-zur-750-jahre-menden-feier\/#primaryimage\",\"url\":\"https:\/\/www.freiraum-gestalten-menden.de\/Web\/wp-content\/uploads\/2026\/08\/Aktionstag-5.9.2026-2.jpg\",\"contentUrl\":\"https:\/\/www.freiraum-gestalten-menden.de\/Web\/wp-content\/uploads\/2026\/08\/Aktionstag-5.9.2026-2.jpg\",\"width\":686,\"height\":686},{\"@type\":\"BreadcrumbList\",\"@id\":\"https:\/\/www.freiraum-gestalten-menden.de\/Web\/2026\/08\/27\/aktionstag-in-der-galerie-freiraumgestalten-zur-750-jahre-menden-feier\/#breadcrumb\",\"itemListElement\":[{\"@type\":\"ListItem\",\"position\":1,\"name\":\"Startseite\",\"item\":\"https:\/\/www.freiraum-gestalten-menden.de\/Web\/\"},{\"@type\":\"ListItem\",\"position\":2,\"name\":\"Aktionstag in der Galerie FreiraumGestalten zur 750 Jahre Menden Feier\"}]},{\"@type\":\"WebSite\",\"@id\":\"https:\/\/www.freiraum-gestalten-menden.de\/Web\/#website\",\"url\":\"https:\/\/www.freiraum-gestalten-menden.de\/Web\/\",\"name\":\"Freiraum Gestalten Menden\",\"description\":\"Gemeinschaft Mendener K\u00fcnstler\",\"publisher\":{\"@id\":\"https:\/\/www.freiraum-gestalten-menden.de\/Web\/#organization\"},\"potentialAction\":[{\"@type\":\"SearchAction\",\"target\":{\"@type\":\"EntryPoint\",\"urlTemplate\":\"https:\/\/www.freiraum-gestalten-menden.de\/Web\/?s={search_term_string}\"},\"query-input\":{\"@type\":\"PropertyValueSpecification\",\"valueRequired\":true,\"valueName\":\"search_term_string\"}}],\"inLanguage\":\"de\"},{\"@type\":\"Organization\",\"@id\":\"https:\/\/www.freiraum-gestalten-menden.de\/Web\/#organization\",\"name\":\"Freiraum Gestalten Menden\",\"url\":\"https:\/\/www.freiraum-gestalten-menden.de\/Web\/\",\"logo\":{\"@type\":\"ImageObject\",\"inLanguage\":\"de\",\"@id\":\"https:\/\/www.freiraum-gestalten-menden.de\/Web\/#\/schema\/logo\/image\/\",\"url\":\"https:\/\/www.freiraum-gestalten-menden.de\/Web\/wp-content\/uploads\/2024\/04\/FRG-FB-G.jpg\",\"contentUrl\":\"https:\/\/www.freiraum-gestalten-menden.de\/Web\/wp-content\/uploads\/2024\/04\/FRG-FB-G.jpg\",\"width\":1181,\"height\":1181,\"caption\":\"Freiraum Gestalten Menden\"},\"image\":{\"@id\":\"https:\/\/www.freiraum-gestalten-menden.de\/Web\/#\/schema\/logo\/image\/\"},\"sameAs\":[\"https:\/\/www.facebook.com\/FreiraumGestaltenMenden\"]},{\"@type\":\"Person\",\"@id\":\"https:\/\/www.freiraum-gestalten-menden.de\/Web\/#\/schema\/person\/dd7dfeeefea04497046bd54ec103ebba\",\"name\":\"Corinna H\u00e4u\u00dfler\",\"image\":{\"@type\":\"ImageObject\",\"inLanguage\":\"de\",\"@id\":\"https:\/\/www.freiraum-gestalten-menden.de\/Web\/#\/schema\/person\/image\/\",\"url\":\"https:\/\/secure.gravatar.com\/avatar\/ed17a5f159de3e8ceeca4461d4623e52?s=96&d=mm&r=g\",\"contentUrl\":\"https:\/\/secure.gravatar.com\/avatar\/ed17a5f159de3e8ceeca4461d4623e52?s=96&d=mm&r=g\",\"caption\":\"Corinna H\u00e4u\u00dfler\"},\"url\":\"https:\/\/www.freiraum-gestalten-menden.de\/Web\/author\/conny\/\"}]}<\/script>\n<!-- \/ Yoast SEO plugin. -->","yoast_head_json":{"title":"Aktionstag in der Galerie FreiraumGestalten zur 750 Jahre Menden Feier - Freiraum Gestalten Menden","robots":{"index":"index","follow":"follow","max-snippet":"max-snippet:-1","max-image-preview":"max-image-preview:large","max-video-preview":"max-video-preview:-1"},"canonical":"https:\/\/www.freiraum-gestalten-menden.de\/Web\/2026\/08\/27\/aktionstag-in-der-galerie-freiraumgestalten-zur-750-jahre-menden-feier\/","og_locale":"de_DE","og_type":"article","og_title":"Aktionstag in der Galerie FreiraumGestalten zur 750 Jahre Menden Feier - Freiraum Gestalten Menden","og_description":"in der Innenstadt am 05.09.2026 &#8222;Finde und Teile Dein Talent&#8220; der zweite. Im letzten Jahr gab es die erste Veranstaltung, die sehr gut angenommen wurde. Beim zentralen Jubil\u00e4umsfest in der Mendener Innenstadt am 5. September anl\u00e4sslich des 750-j\u00e4hrigen Stadtjubil\u00e4ums sind wir dabei mit unserem &#8222;Aktionstag f\u00fcr Jeden&#8220; unter dem Motto &#8222;Gest\u00e4rkt f\u00fcr jede Klima-Lage mit [&hellip;]","og_url":"https:\/\/www.freiraum-gestalten-menden.de\/Web\/2026\/08\/27\/aktionstag-in-der-galerie-freiraumgestalten-zur-750-jahre-menden-feier\/","og_site_name":"Freiraum Gestalten Menden","article_publisher":"https:\/\/www.facebook.com\/FreiraumGestaltenMenden","article_published_time":"2026-08-27T08:11:21+00:00","article_modified_time":"2026-08-27T08:15:33+00:00","og_image":[{"width":686,"height":686,"url":"https:\/\/www.freiraum-gestalten-menden.de\/Web\/wp-content\/uploads\/2026\/08\/Aktionstag-5.9.2026-2.jpg","type":"image\/jpeg"}],"author":"Corinna H\u00e4u\u00dfler","twitter_card":"summary_large_image","twitter_misc":{"Verfasst von":"Corinna H\u00e4u\u00dfler","Gesch\u00e4tzte Lesezeit":"2\u00a0Minuten"},"schema":{"@context":"https:\/\/schema.org","@graph":[{"@type":"Article","@id":"https:\/\/www.freiraum-gestalten-menden.de\/Web\/2026\/08\/27\/aktionstag-in-der-galerie-freiraumgestalten-zur-750-jahre-menden-feier\/#article","isPartOf":{"@id":"https:\/\/www.freiraum-gestalten-menden.de\/Web\/2026\/08\/27\/aktionstag-in-der-galerie-freiraumgestalten-zur-750-jahre-menden-feier\/"},"author":{"name":"Corinna H\u00e4u\u00dfler","@id":"https:\/\/www.freiraum-gestalten-menden.de\/Web\/#\/schema\/person\/dd7dfeeefea04497046bd54ec103ebba"},"headline":"Aktionstag in der Galerie FreiraumGestalten zur 750 Jahre Menden Feier","datePublished":"2026-08-27T08:11:21+00:00","dateModified":"2026-08-27T08:15:33+00:00","mainEntityOfPage":{"@id":"https:\/\/www.freiraum-gestalten-menden.de\/Web\/2026\/08\/27\/aktionstag-in-der-galerie-freiraumgestalten-zur-750-jahre-menden-feier\/"},"wordCount":150,"commentCount":0,"publisher":{"@id":"https:\/\/www.freiraum-gestalten-menden.de\/Web\/#organization"},"image":{"@id":"https:\/\/www.freiraum-gestalten-menden.de\/Web\/2026\/08\/27\/aktionstag-in-der-galerie-freiraumgestalten-zur-750-jahre-menden-feier\/#primaryimage"},"thumbnailUrl":"https:\/\/www.freiraum-gestalten-menden.de\/Web\/wp-content\/uploads\/2026\/08\/Aktionstag-5.9.2026-2.jpg","inLanguage":"de","potentialAction":[{"@type":"CommentAction","name":"Comment","target":["https:\/\/www.freiraum-gestalten-menden.de\/Web\/2026\/08\/27\/aktionstag-in-der-galerie-freiraumgestalten-zur-750-jahre-menden-feier\/#respond"]}]},{"@type":"WebPage","@id":"https:\/\/www.freiraum-gestalten-menden.de\/Web\/2026\/08\/27\/aktionstag-in-der-galerie-freiraumgestalten-zur-750-jahre-menden-feier\/","url":"https:\/\/www.freiraum-gestalten-menden.de\/Web\/2026\/08\/27\/aktionstag-in-der-galerie-freiraumgestalten-zur-750-jahre-menden-feier\/","name":"Aktionstag in der Galerie FreiraumGestalten zur 750 Jahre Menden Feier - Freiraum Gestalten Menden","isPartOf":{"@id":"https:\/\/www.freiraum-gestalten-menden.de\/Web\/#website"},"primaryImageOfPage":{"@id":"https:\/\/www.freiraum-gestalten-menden.de\/Web\/2026\/08\/27\/aktionstag-in-der-galerie-freiraumgestalten-zur-750-jahre-menden-feier\/#primaryimage"},"image":{"@id":"https:\/\/www.freiraum-gestalten-menden.de\/Web\/2026\/08\/27\/aktionstag-in-der-galerie-freiraumgestalten-zur-750-jahre-menden-feier\/#primaryimage"},"thumbnailUrl":"https:\/\/www.freiraum-gestalten-menden.de\/Web\/wp-content\/uploads\/2026\/08\/Aktionstag-5.9.2026-2.jpg","datePublished":"2026-08-27T08:11:21+00:00","dateModified":"2026-08-27T08:15:33+00:00","breadcrumb":{"@id":"https:\/\/www.freiraum-gestalten-menden.de\/Web\/2026\/08\/27\/aktionstag-in-der-galerie-freiraumgestalten-zur-750-jahre-menden-feier\/#breadcrumb"},"inLanguage":"de","potentialAction":[{"@type":"ReadAction","target":["https:\/\/www.freiraum-gestalten-menden.de\/Web\/2026\/08\/27\/aktionstag-in-der-galerie-freiraumgestalten-zur-750-jahre-menden-feier\/"]}]},{"@type":"ImageObject","inLanguage":"de","@id":"https:\/\/www.freiraum-gestalten-menden.de\/Web\/2026\/08\/27\/aktionstag-in-der-galerie-freiraumgestalten-zur-750-jahre-menden-feier\/#primaryimage","url":"https:\/\/www.freiraum-gestalten-menden.de\/Web\/wp-content\/uploads\/2026\/08\/Aktionstag-5.9.2026-2.jpg","contentUrl":"https:\/\/www.freiraum-gestalten-menden.de\/Web\/wp-content\/uploads\/2026\/08\/Aktionstag-5.9.2026-2.jpg","width":686,"height":686},{"@type":"BreadcrumbList","@id":"https:\/\/www.freiraum-gestalten-menden.de\/Web\/2026\/08\/27\/aktionstag-in-der-galerie-freiraumgestalten-zur-750-jahre-menden-feier\/#breadcrumb","itemListElement":[{"@type":"ListItem","position":1,"name":"Startseite","item":"https:\/\/www.freiraum-gestalten-menden.de\/Web\/"},{"@type":"ListItem","position":2,"name":"Aktionstag in der Galerie FreiraumGestalten zur 750 Jahre Menden Feier"}]},{"@type":"WebSite","@id":"https:\/\/www.freiraum-gestalten-menden.de\/Web\/#website","url":"https:\/\/www.freiraum-gestalten-menden.de\/Web\/","name":"Freiraum Gestalten Menden","description":"Gemeinschaft Mendener K\u00fcnstler","publisher":{"@id":"https:\/\/www.freiraum-gestalten-menden.de\/Web\/#organization"},"potentialAction":[{"@type":"SearchAction","target":{"@type":"EntryPoint","urlTemplate":"https:\/\/www.freiraum-gestalten-menden.de\/Web\/?s={search_term_string}"},"query-input":{"@type":"PropertyValueSpecification","valueRequired":true,"valueName":"search_term_string"}}],"inLanguage":"de"},{"@type":"Organization","@id":"https:\/\/www.freiraum-gestalten-menden.de\/Web\/#organization","name":"Freiraum Gestalten Menden","url":"https:\/\/www.freiraum-gestalten-menden.de\/Web\/","logo":{"@type":"ImageObject","inLanguage":"de","@id":"https:\/\/www.freiraum-gestalten-menden.de\/Web\/#\/schema\/logo\/image\/","url":"https:\/\/www.freiraum-gestalten-menden.de\/Web\/wp-content\/uploads\/2024\/04\/FRG-FB-G.jpg","contentUrl":"https:\/\/www.freiraum-gestalten-menden.de\/Web\/wp-content\/uploads\/2024\/04\/FRG-FB-G.jpg","width":1181,"height":1181,"caption":"Freiraum Gestalten Menden"},"image":{"@id":"https:\/\/www.freiraum-gestalten-menden.de\/Web\/#\/schema\/logo\/image\/"},"sameAs":["https:\/\/www.facebook.com\/FreiraumGestaltenMenden"]},{"@type":"Person","@id":"https:\/\/www.freiraum-gestalten-menden.de\/Web\/#\/schema\/person\/dd7dfeeefea04497046bd54ec103ebba","name":"Corinna H\u00e4u\u00dfler","image":{"@type":"ImageObject","inLanguage":"de","@id":"https:\/\/www.freiraum-gestalten-menden.de\/Web\/#\/schema\/person\/image\/","url":"https:\/\/secure.gravatar.com\/avatar\/ed17a5f159de3e8ceeca4461d4623e52?s=96&d=mm&r=g","contentUrl":"https:\/\/secure.gravatar.com\/avatar\/ed17a5f159de3e8ceeca4461d4623e52?s=96&d=mm&r=g","caption":"Corinna H\u00e4u\u00dfler"},"url":"https:\/\/www.freiraum-gestalten-menden.de\/Web\/author\/conny\/"}]}},"_links":{"self":[{"href":"https:\/\/www.freiraum-gestalten-menden.de\/Web\/wp-json\/wp\/v2\/posts\/3150"}],"collection":[{"href":"https:\/\/www.freiraum-gestalten-menden.de\/Web\/wp-json\/wp\/v2\/posts"}],"about":[{"href":"https:\/\/www.freiraum-gestalten-menden.de\/Web\/wp-json\/wp\/v2\/types\/post"}],"author":[{"embeddable":true,"href":"https:\/\/www.freiraum-gestalten-menden.de\/Web\/wp-json\/wp\/v2\/users\/2"}],"replies":[{"embeddable":true,"href":"https:\/\/www.freiraum-gestalten-menden.de\/Web\/wp-json\/wp\/v2\/comments?post=3150"}],"version-history":[{"count":1,"href":"https:\/\/www.freiraum-gestalten-menden.de\/Web\/wp-json\/wp\/v2\/posts\/3150\/revisions"}],"predecessor-version":[{"id":3152,"href":"https:\/\/www.freiraum-gestalten-menden.de\/Web\/wp-json\/wp\/v2\/posts\/3150\/revisions\/3152"}],"wp:featuredmedia":[{"embeddable":true,"href":"https:\/\/www.freiraum-gestalten-menden.de\/Web\/wp-json\/wp\/v2\/media\/3154"}],"wp:attachment":[{"href":"https:\/\/www.freiraum-gestalten-menden.de\/Web\/wp-json\/wp\/v2\/media?parent=3150"}],"wp:term":[{"taxonomy":"category","embeddable":true,"href":"https:\/\/www.freiraum-gestalten-menden.de\/Web\/wp-json\/wp\/v2\/categories?post=3150"},{"taxonomy":"post_tag","embeddable":true,"href":"https:\/\/www.freiraum-gestalten-menden.de\/Web\/wp-json\/wp\/v2\/tags?post=3150"}],"curies":[{"name":"wp","href":"https:\/\/api.w.org\/{rel}","templated":true}]}}