{"id":3143,"date":"2026-08-27T10:08:40","date_gmt":"2026-08-27T08:08:40","guid":{"rendered":"https:\/\/www.freiraum-gestalten-menden.de\/Web\/?p=3143"},"modified":"2026-08-27T10:08:41","modified_gmt":"2026-08-27T08:08:41","slug":"alexander-wotschel","status":"publish","type":"post","link":"https:\/\/www.freiraum-gestalten-menden.de\/Web\/2026\/08\/27\/alexander-wotschel\/","title":{"rendered":"Alexander Wotschel"},"content":{"rendered":"\n<p>Jubil\u00e4ums Ausstellung in der Rathaus Galerie Menden zu seinem 75igsten Geburtsjahr und 30 Jahre Menden als geliebte Heimatstadt sind Grund genug um eine besondere Jahresausstellung zu zeigen. Der K\u00fcnstler und Maler Alexander Wotschel hat seine Kunst in den letzten 25 Jahren weiter entwickelt. Der Sonntag 23.09.2026 startete mit einer ganz besonderen Vernissage des K\u00fcnstlers Alexander Wotschel in der Rathaus Galerie der Stadt Menden. Jutta T\u00f6rnig Struck, Leiterin des Kulturb\u00fcros und die stellvertretende B\u00fcrgermeisterin Martina Reers er\u00f6ffneten die Ausstellung mit Werken, die k\u00fcnstlerisch die vielf\u00e4ltige Architektur der Stadt wiederspiegeln und sie in neuem Licht zeigen. So sagte Jutta T\u00f6rnig-Struck u.a. Alexander Wotschel sei auch ein Maler des Lichts. Zudem ist die Ausstellung auch eine Liebeserkl\u00e4rung an die Stadt Menden, die gleichzeitig mit seinem 75igsten Geburtstag ihr 750j\u00e4hriges Stadtjubil\u00e4um feiert. Seit 30 Jahren lebt und arbeitet Alexander Wotschel in seinem Menden. Daraus entstand auch der Titel der Ausstellung &#8222;Mein Menden&#8220;<\/p>\n\n\n\n<p>Musikalische Begleitung: S\u00e4ngerin Judi mit von Alexander ausgew\u00e4hlten Hits der Popmusik.<\/p>\n\n\n\n<figure class=\"wp-block-gallery has-nested-images columns-default is-cropped wp-block-gallery-1 is-layout-flex wp-block-gallery-is-layout-flex\">\n<figure class=\"wp-block-image size-large\"><img fetchpriority=\"high\" decoding=\"async\" width=\"687\" height=\"1024\" data-id=\"3145\" src=\"https:\/\/www.freiraum-gestalten-menden.de\/Web\/wp-content\/uploads\/2026\/08\/Alexander-Wotschel-Engel-687x1024.jpg\" alt=\"\" class=\"wp-image-3145\" srcset=\"https:\/\/www.freiraum-gestalten-menden.de\/Web\/wp-content\/uploads\/2026\/08\/Alexander-Wotschel-Engel-687x1024.jpg 687w, https:\/\/www.freiraum-gestalten-menden.de\/Web\/wp-content\/uploads\/2026\/08\/Alexander-Wotschel-Engel-201x300.jpg 201w, https:\/\/www.freiraum-gestalten-menden.de\/Web\/wp-content\/uploads\/2026\/08\/Alexander-Wotschel-Engel-768x1145.jpg 768w, https:\/\/www.freiraum-gestalten-menden.de\/Web\/wp-content\/uploads\/2026\/08\/Alexander-Wotschel-Engel-1030x1536.jpg 1030w, https:\/\/www.freiraum-gestalten-menden.de\/Web\/wp-content\/uploads\/2026\/08\/Alexander-Wotschel-Engel.jpg 1166w\" sizes=\"(max-width: 687px) 100vw, 687px\" \/><\/figure>\n\n\n\n<figure class=\"wp-block-image size-large\"><img decoding=\"async\" width=\"1024\" height=\"526\" data-id=\"3147\" src=\"https:\/\/www.freiraum-gestalten-menden.de\/Web\/wp-content\/uploads\/2026\/08\/Alexander-Wotschel-Konstruktion-1024x526.jpg\" alt=\"\" class=\"wp-image-3147\" srcset=\"https:\/\/www.freiraum-gestalten-menden.de\/Web\/wp-content\/uploads\/2026\/08\/Alexander-Wotschel-Konstruktion-1024x526.jpg 1024w, https:\/\/www.freiraum-gestalten-menden.de\/Web\/wp-content\/uploads\/2026\/08\/Alexander-Wotschel-Konstruktion-300x154.jpg 300w, https:\/\/www.freiraum-gestalten-menden.de\/Web\/wp-content\/uploads\/2026\/08\/Alexander-Wotschel-Konstruktion-768x395.jpg 768w, https:\/\/www.freiraum-gestalten-menden.de\/Web\/wp-content\/uploads\/2026\/08\/Alexander-Wotschel-Konstruktion-1536x789.jpg 1536w, https:\/\/www.freiraum-gestalten-menden.de\/Web\/wp-content\/uploads\/2026\/08\/Alexander-Wotschel-Konstruktion.jpg 2048w\" sizes=\"(max-width: 1024px) 100vw, 1024px\" \/><\/figure>\n\n\n\n<figure class=\"wp-block-image size-large\"><img decoding=\"async\" width=\"718\" height=\"1024\" data-id=\"3148\" src=\"https:\/\/www.freiraum-gestalten-menden.de\/Web\/wp-content\/uploads\/2026\/08\/Alexander-Wotschel-mit-Larisa-1-718x1024.jpg\" alt=\"\" class=\"wp-image-3148\" srcset=\"https:\/\/www.freiraum-gestalten-menden.de\/Web\/wp-content\/uploads\/2026\/08\/Alexander-Wotschel-mit-Larisa-1-718x1024.jpg 718w, https:\/\/www.freiraum-gestalten-menden.de\/Web\/wp-content\/uploads\/2026\/08\/Alexander-Wotschel-mit-Larisa-1-210x300.jpg 210w, https:\/\/www.freiraum-gestalten-menden.de\/Web\/wp-content\/uploads\/2026\/08\/Alexander-Wotschel-mit-Larisa-1-768x1095.jpg 768w, https:\/\/www.freiraum-gestalten-menden.de\/Web\/wp-content\/uploads\/2026\/08\/Alexander-Wotschel-mit-Larisa-1-1078x1536.jpg 1078w, https:\/\/www.freiraum-gestalten-menden.de\/Web\/wp-content\/uploads\/2026\/08\/Alexander-Wotschel-mit-Larisa-1.jpg 1418w\" sizes=\"(max-width: 718px) 100vw, 718px\" \/><\/figure>\n\n\n\n<figure class=\"wp-block-image size-large\"><img loading=\"lazy\" decoding=\"async\" width=\"602\" height=\"1024\" data-id=\"3146\" src=\"https:\/\/www.freiraum-gestalten-menden.de\/Web\/wp-content\/uploads\/2026\/08\/Alexander-Wotschel-Rathaus-Galerie-602x1024.jpg\" alt=\"\" class=\"wp-image-3146\" srcset=\"https:\/\/www.freiraum-gestalten-menden.de\/Web\/wp-content\/uploads\/2026\/08\/Alexander-Wotschel-Rathaus-Galerie-602x1024.jpg 602w, https:\/\/www.freiraum-gestalten-menden.de\/Web\/wp-content\/uploads\/2026\/08\/Alexander-Wotschel-Rathaus-Galerie-176x300.jpg 176w, https:\/\/www.freiraum-gestalten-menden.de\/Web\/wp-content\/uploads\/2026\/08\/Alexander-Wotschel-Rathaus-Galerie.jpg 668w\" sizes=\"(max-width: 602px) 100vw, 602px\" \/><\/figure>\n<\/figure>\n","protected":false},"excerpt":{"rendered":"<p>Jubil\u00e4ums Ausstellung in der Rathaus Galerie Menden zu seinem 75igsten Geburtsjahr und 30 Jahre Menden als geliebte Heimatstadt sind Grund genug um eine besondere Jahresausstellung zu zeigen. Der K\u00fcnstler und Maler Alexander Wotschel hat seine Kunst in den letzten 25 Jahren weiter entwickelt. Der Sonntag 23.09.2026 startete mit einer ganz besonderen Vernissage des K\u00fcnstlers Alexander [&hellip;]<\/p>\n","protected":false},"author":2,"featured_media":3144,"comment_status":"open","ping_status":"open","sticky":false,"template":"","format":"standard","meta":{"footnotes":""},"categories":[1],"tags":[],"class_list":["post-3143","post","type-post","status-publish","format-standard","has-post-thumbnail","hentry","category-allgemein"],"yoast_head":"<!-- This site is optimized with the Yoast SEO plugin v25.6 - https:\/\/yoast.com\/wordpress\/plugins\/seo\/ -->\n<title>Alexander Wotschel - Freiraum Gestalten Menden<\/title>\n<meta name=\"robots\" content=\"index, follow, max-snippet:-1, max-image-preview:large, max-video-preview:-1\" \/>\n<link rel=\"canonical\" href=\"https:\/\/www.freiraum-gestalten-menden.de\/Web\/2026\/08\/27\/alexander-wotschel\/\" \/>\n<meta property=\"og:locale\" content=\"de_DE\" \/>\n<meta property=\"og:type\" content=\"article\" \/>\n<meta property=\"og:title\" content=\"Alexander Wotschel - Freiraum Gestalten Menden\" \/>\n<meta property=\"og:description\" content=\"Jubil\u00e4ums Ausstellung in der Rathaus Galerie Menden zu seinem 75igsten Geburtsjahr und 30 Jahre Menden als geliebte Heimatstadt sind Grund genug um eine besondere Jahresausstellung zu zeigen. Der K\u00fcnstler und Maler Alexander Wotschel hat seine Kunst in den letzten 25 Jahren weiter entwickelt. Der Sonntag 23.09.2026 startete mit einer ganz besonderen Vernissage des K\u00fcnstlers Alexander [&hellip;]\" \/>\n<meta property=\"og:url\" content=\"https:\/\/www.freiraum-gestalten-menden.de\/Web\/2026\/08\/27\/alexander-wotschel\/\" \/>\n<meta property=\"og:site_name\" content=\"Freiraum Gestalten Menden\" \/>\n<meta property=\"article:publisher\" content=\"https:\/\/www.facebook.com\/FreiraumGestaltenMenden\" \/>\n<meta property=\"article:published_time\" content=\"2026-08-27T08:08:40+00:00\" \/>\n<meta property=\"article:modified_time\" content=\"2026-08-27T08:08:41+00:00\" \/>\n<meta property=\"og:image\" content=\"https:\/\/www.freiraum-gestalten-menden.de\/Web\/wp-content\/uploads\/2026\/08\/Alexander-Wotschel-mit-Larisa.jpg\" \/>\n\t<meta property=\"og:image:width\" content=\"1418\" \/>\n\t<meta property=\"og:image:height\" content=\"2021\" \/>\n\t<meta property=\"og:image:type\" content=\"image\/jpeg\" \/>\n<meta name=\"author\" content=\"Corinna H\u00e4u\u00dfler\" \/>\n<meta name=\"twitter:card\" content=\"summary_large_image\" \/>\n<meta name=\"twitter:label1\" content=\"Verfasst von\" \/>\n\t<meta name=\"twitter:data1\" content=\"Corinna H\u00e4u\u00dfler\" \/>\n\t<meta name=\"twitter:label2\" content=\"Gesch\u00e4tzte Lesezeit\" \/>\n\t<meta name=\"twitter:data2\" content=\"2\u00a0Minuten\" \/>\n<script type=\"application\/ld+json\" class=\"yoast-schema-graph\">{\"@context\":\"https:\/\/schema.org\",\"@graph\":[{\"@type\":\"Article\",\"@id\":\"https:\/\/www.freiraum-gestalten-menden.de\/Web\/2026\/08\/27\/alexander-wotschel\/#article\",\"isPartOf\":{\"@id\":\"https:\/\/www.freiraum-gestalten-menden.de\/Web\/2026\/08\/27\/alexander-wotschel\/\"},\"author\":{\"name\":\"Corinna H\u00e4u\u00dfler\",\"@id\":\"https:\/\/www.freiraum-gestalten-menden.de\/Web\/#\/schema\/person\/dd7dfeeefea04497046bd54ec103ebba\"},\"headline\":\"Alexander Wotschel\",\"datePublished\":\"2026-08-27T08:08:40+00:00\",\"dateModified\":\"2026-08-27T08:08:41+00:00\",\"mainEntityOfPage\":{\"@id\":\"https:\/\/www.freiraum-gestalten-menden.de\/Web\/2026\/08\/27\/alexander-wotschel\/\"},\"wordCount\":173,\"commentCount\":0,\"publisher\":{\"@id\":\"https:\/\/www.freiraum-gestalten-menden.de\/Web\/#organization\"},\"image\":{\"@id\":\"https:\/\/www.freiraum-gestalten-menden.de\/Web\/2026\/08\/27\/alexander-wotschel\/#primaryimage\"},\"thumbnailUrl\":\"https:\/\/www.freiraum-gestalten-menden.de\/Web\/wp-content\/uploads\/2026\/08\/Alexander-Wotschel-mit-Larisa.jpg\",\"inLanguage\":\"de\",\"potentialAction\":[{\"@type\":\"CommentAction\",\"name\":\"Comment\",\"target\":[\"https:\/\/www.freiraum-gestalten-menden.de\/Web\/2026\/08\/27\/alexander-wotschel\/#respond\"]}]},{\"@type\":\"WebPage\",\"@id\":\"https:\/\/www.freiraum-gestalten-menden.de\/Web\/2026\/08\/27\/alexander-wotschel\/\",\"url\":\"https:\/\/www.freiraum-gestalten-menden.de\/Web\/2026\/08\/27\/alexander-wotschel\/\",\"name\":\"Alexander Wotschel - Freiraum Gestalten Menden\",\"isPartOf\":{\"@id\":\"https:\/\/www.freiraum-gestalten-menden.de\/Web\/#website\"},\"primaryImageOfPage\":{\"@id\":\"https:\/\/www.freiraum-gestalten-menden.de\/Web\/2026\/08\/27\/alexander-wotschel\/#primaryimage\"},\"image\":{\"@id\":\"https:\/\/www.freiraum-gestalten-menden.de\/Web\/2026\/08\/27\/alexander-wotschel\/#primaryimage\"},\"thumbnailUrl\":\"https:\/\/www.freiraum-gestalten-menden.de\/Web\/wp-content\/uploads\/2026\/08\/Alexander-Wotschel-mit-Larisa.jpg\",\"datePublished\":\"2026-08-27T08:08:40+00:00\",\"dateModified\":\"2026-08-27T08:08:41+00:00\",\"breadcrumb\":{\"@id\":\"https:\/\/www.freiraum-gestalten-menden.de\/Web\/2026\/08\/27\/alexander-wotschel\/#breadcrumb\"},\"inLanguage\":\"de\",\"potentialAction\":[{\"@type\":\"ReadAction\",\"target\":[\"https:\/\/www.freiraum-gestalten-menden.de\/Web\/2026\/08\/27\/alexander-wotschel\/\"]}]},{\"@type\":\"ImageObject\",\"inLanguage\":\"de\",\"@id\":\"https:\/\/www.freiraum-gestalten-menden.de\/Web\/2026\/08\/27\/alexander-wotschel\/#primaryimage\",\"url\":\"https:\/\/www.freiraum-gestalten-menden.de\/Web\/wp-content\/uploads\/2026\/08\/Alexander-Wotschel-mit-Larisa.jpg\",\"contentUrl\":\"https:\/\/www.freiraum-gestalten-menden.de\/Web\/wp-content\/uploads\/2026\/08\/Alexander-Wotschel-mit-Larisa.jpg\",\"width\":1418,\"height\":2021},{\"@type\":\"BreadcrumbList\",\"@id\":\"https:\/\/www.freiraum-gestalten-menden.de\/Web\/2026\/08\/27\/alexander-wotschel\/#breadcrumb\",\"itemListElement\":[{\"@type\":\"ListItem\",\"position\":1,\"name\":\"Startseite\",\"item\":\"https:\/\/www.freiraum-gestalten-menden.de\/Web\/\"},{\"@type\":\"ListItem\",\"position\":2,\"name\":\"Alexander Wotschel\"}]},{\"@type\":\"WebSite\",\"@id\":\"https:\/\/www.freiraum-gestalten-menden.de\/Web\/#website\",\"url\":\"https:\/\/www.freiraum-gestalten-menden.de\/Web\/\",\"name\":\"Freiraum Gestalten Menden\",\"description\":\"Gemeinschaft Mendener K\u00fcnstler\",\"publisher\":{\"@id\":\"https:\/\/www.freiraum-gestalten-menden.de\/Web\/#organization\"},\"potentialAction\":[{\"@type\":\"SearchAction\",\"target\":{\"@type\":\"EntryPoint\",\"urlTemplate\":\"https:\/\/www.freiraum-gestalten-menden.de\/Web\/?s={search_term_string}\"},\"query-input\":{\"@type\":\"PropertyValueSpecification\",\"valueRequired\":true,\"valueName\":\"search_term_string\"}}],\"inLanguage\":\"de\"},{\"@type\":\"Organization\",\"@id\":\"https:\/\/www.freiraum-gestalten-menden.de\/Web\/#organization\",\"name\":\"Freiraum Gestalten Menden\",\"url\":\"https:\/\/www.freiraum-gestalten-menden.de\/Web\/\",\"logo\":{\"@type\":\"ImageObject\",\"inLanguage\":\"de\",\"@id\":\"https:\/\/www.freiraum-gestalten-menden.de\/Web\/#\/schema\/logo\/image\/\",\"url\":\"https:\/\/www.freiraum-gestalten-menden.de\/Web\/wp-content\/uploads\/2024\/04\/FRG-FB-G.jpg\",\"contentUrl\":\"https:\/\/www.freiraum-gestalten-menden.de\/Web\/wp-content\/uploads\/2024\/04\/FRG-FB-G.jpg\",\"width\":1181,\"height\":1181,\"caption\":\"Freiraum Gestalten Menden\"},\"image\":{\"@id\":\"https:\/\/www.freiraum-gestalten-menden.de\/Web\/#\/schema\/logo\/image\/\"},\"sameAs\":[\"https:\/\/www.facebook.com\/FreiraumGestaltenMenden\"]},{\"@type\":\"Person\",\"@id\":\"https:\/\/www.freiraum-gestalten-menden.de\/Web\/#\/schema\/person\/dd7dfeeefea04497046bd54ec103ebba\",\"name\":\"Corinna H\u00e4u\u00dfler\",\"image\":{\"@type\":\"ImageObject\",\"inLanguage\":\"de\",\"@id\":\"https:\/\/www.freiraum-gestalten-menden.de\/Web\/#\/schema\/person\/image\/\",\"url\":\"https:\/\/secure.gravatar.com\/avatar\/ed17a5f159de3e8ceeca4461d4623e52?s=96&d=mm&r=g\",\"contentUrl\":\"https:\/\/secure.gravatar.com\/avatar\/ed17a5f159de3e8ceeca4461d4623e52?s=96&d=mm&r=g\",\"caption\":\"Corinna H\u00e4u\u00dfler\"},\"url\":\"https:\/\/www.freiraum-gestalten-menden.de\/Web\/author\/conny\/\"}]}<\/script>\n<!-- \/ Yoast SEO plugin. -->","yoast_head_json":{"title":"Alexander Wotschel - Freiraum Gestalten Menden","robots":{"index":"index","follow":"follow","max-snippet":"max-snippet:-1","max-image-preview":"max-image-preview:large","max-video-preview":"max-video-preview:-1"},"canonical":"https:\/\/www.freiraum-gestalten-menden.de\/Web\/2026\/08\/27\/alexander-wotschel\/","og_locale":"de_DE","og_type":"article","og_title":"Alexander Wotschel - Freiraum Gestalten Menden","og_description":"Jubil\u00e4ums Ausstellung in der Rathaus Galerie Menden zu seinem 75igsten Geburtsjahr und 30 Jahre Menden als geliebte Heimatstadt sind Grund genug um eine besondere Jahresausstellung zu zeigen. Der K\u00fcnstler und Maler Alexander Wotschel hat seine Kunst in den letzten 25 Jahren weiter entwickelt. Der Sonntag 23.09.2026 startete mit einer ganz besonderen Vernissage des K\u00fcnstlers Alexander [&hellip;]","og_url":"https:\/\/www.freiraum-gestalten-menden.de\/Web\/2026\/08\/27\/alexander-wotschel\/","og_site_name":"Freiraum Gestalten Menden","article_publisher":"https:\/\/www.facebook.com\/FreiraumGestaltenMenden","article_published_time":"2026-08-27T08:08:40+00:00","article_modified_time":"2026-08-27T08:08:41+00:00","og_image":[{"width":1418,"height":2021,"url":"https:\/\/www.freiraum-gestalten-menden.de\/Web\/wp-content\/uploads\/2026\/08\/Alexander-Wotschel-mit-Larisa.jpg","type":"image\/jpeg"}],"author":"Corinna H\u00e4u\u00dfler","twitter_card":"summary_large_image","twitter_misc":{"Verfasst von":"Corinna H\u00e4u\u00dfler","Gesch\u00e4tzte Lesezeit":"2\u00a0Minuten"},"schema":{"@context":"https:\/\/schema.org","@graph":[{"@type":"Article","@id":"https:\/\/www.freiraum-gestalten-menden.de\/Web\/2026\/08\/27\/alexander-wotschel\/#article","isPartOf":{"@id":"https:\/\/www.freiraum-gestalten-menden.de\/Web\/2026\/08\/27\/alexander-wotschel\/"},"author":{"name":"Corinna H\u00e4u\u00dfler","@id":"https:\/\/www.freiraum-gestalten-menden.de\/Web\/#\/schema\/person\/dd7dfeeefea04497046bd54ec103ebba"},"headline":"Alexander Wotschel","datePublished":"2026-08-27T08:08:40+00:00","dateModified":"2026-08-27T08:08:41+00:00","mainEntityOfPage":{"@id":"https:\/\/www.freiraum-gestalten-menden.de\/Web\/2026\/08\/27\/alexander-wotschel\/"},"wordCount":173,"commentCount":0,"publisher":{"@id":"https:\/\/www.freiraum-gestalten-menden.de\/Web\/#organization"},"image":{"@id":"https:\/\/www.freiraum-gestalten-menden.de\/Web\/2026\/08\/27\/alexander-wotschel\/#primaryimage"},"thumbnailUrl":"https:\/\/www.freiraum-gestalten-menden.de\/Web\/wp-content\/uploads\/2026\/08\/Alexander-Wotschel-mit-Larisa.jpg","inLanguage":"de","potentialAction":[{"@type":"CommentAction","name":"Comment","target":["https:\/\/www.freiraum-gestalten-menden.de\/Web\/2026\/08\/27\/alexander-wotschel\/#respond"]}]},{"@type":"WebPage","@id":"https:\/\/www.freiraum-gestalten-menden.de\/Web\/2026\/08\/27\/alexander-wotschel\/","url":"https:\/\/www.freiraum-gestalten-menden.de\/Web\/2026\/08\/27\/alexander-wotschel\/","name":"Alexander Wotschel - Freiraum Gestalten Menden","isPartOf":{"@id":"https:\/\/www.freiraum-gestalten-menden.de\/Web\/#website"},"primaryImageOfPage":{"@id":"https:\/\/www.freiraum-gestalten-menden.de\/Web\/2026\/08\/27\/alexander-wotschel\/#primaryimage"},"image":{"@id":"https:\/\/www.freiraum-gestalten-menden.de\/Web\/2026\/08\/27\/alexander-wotschel\/#primaryimage"},"thumbnailUrl":"https:\/\/www.freiraum-gestalten-menden.de\/Web\/wp-content\/uploads\/2026\/08\/Alexander-Wotschel-mit-Larisa.jpg","datePublished":"2026-08-27T08:08:40+00:00","dateModified":"2026-08-27T08:08:41+00:00","breadcrumb":{"@id":"https:\/\/www.freiraum-gestalten-menden.de\/Web\/2026\/08\/27\/alexander-wotschel\/#breadcrumb"},"inLanguage":"de","potentialAction":[{"@type":"ReadAction","target":["https:\/\/www.freiraum-gestalten-menden.de\/Web\/2026\/08\/27\/alexander-wotschel\/"]}]},{"@type":"ImageObject","inLanguage":"de","@id":"https:\/\/www.freiraum-gestalten-menden.de\/Web\/2026\/08\/27\/alexander-wotschel\/#primaryimage","url":"https:\/\/www.freiraum-gestalten-menden.de\/Web\/wp-content\/uploads\/2026\/08\/Alexander-Wotschel-mit-Larisa.jpg","contentUrl":"https:\/\/www.freiraum-gestalten-menden.de\/Web\/wp-content\/uploads\/2026\/08\/Alexander-Wotschel-mit-Larisa.jpg","width":1418,"height":2021},{"@type":"BreadcrumbList","@id":"https:\/\/www.freiraum-gestalten-menden.de\/Web\/2026\/08\/27\/alexander-wotschel\/#breadcrumb","itemListElement":[{"@type":"ListItem","position":1,"name":"Startseite","item":"https:\/\/www.freiraum-gestalten-menden.de\/Web\/"},{"@type":"ListItem","position":2,"name":"Alexander Wotschel"}]},{"@type":"WebSite","@id":"https:\/\/www.freiraum-gestalten-menden.de\/Web\/#website","url":"https:\/\/www.freiraum-gestalten-menden.de\/Web\/","name":"Freiraum Gestalten Menden","description":"Gemeinschaft Mendener K\u00fcnstler","publisher":{"@id":"https:\/\/www.freiraum-gestalten-menden.de\/Web\/#organization"},"potentialAction":[{"@type":"SearchAction","target":{"@type":"EntryPoint","urlTemplate":"https:\/\/www.freiraum-gestalten-menden.de\/Web\/?s={search_term_string}"},"query-input":{"@type":"PropertyValueSpecification","valueRequired":true,"valueName":"search_term_string"}}],"inLanguage":"de"},{"@type":"Organization","@id":"https:\/\/www.freiraum-gestalten-menden.de\/Web\/#organization","name":"Freiraum Gestalten Menden","url":"https:\/\/www.freiraum-gestalten-menden.de\/Web\/","logo":{"@type":"ImageObject","inLanguage":"de","@id":"https:\/\/www.freiraum-gestalten-menden.de\/Web\/#\/schema\/logo\/image\/","url":"https:\/\/www.freiraum-gestalten-menden.de\/Web\/wp-content\/uploads\/2024\/04\/FRG-FB-G.jpg","contentUrl":"https:\/\/www.freiraum-gestalten-menden.de\/Web\/wp-content\/uploads\/2024\/04\/FRG-FB-G.jpg","width":1181,"height":1181,"caption":"Freiraum Gestalten Menden"},"image":{"@id":"https:\/\/www.freiraum-gestalten-menden.de\/Web\/#\/schema\/logo\/image\/"},"sameAs":["https:\/\/www.facebook.com\/FreiraumGestaltenMenden"]},{"@type":"Person","@id":"https:\/\/www.freiraum-gestalten-menden.de\/Web\/#\/schema\/person\/dd7dfeeefea04497046bd54ec103ebba","name":"Corinna H\u00e4u\u00dfler","image":{"@type":"ImageObject","inLanguage":"de","@id":"https:\/\/www.freiraum-gestalten-menden.de\/Web\/#\/schema\/person\/image\/","url":"https:\/\/secure.gravatar.com\/avatar\/ed17a5f159de3e8ceeca4461d4623e52?s=96&d=mm&r=g","contentUrl":"https:\/\/secure.gravatar.com\/avatar\/ed17a5f159de3e8ceeca4461d4623e52?s=96&d=mm&r=g","caption":"Corinna H\u00e4u\u00dfler"},"url":"https:\/\/www.freiraum-gestalten-menden.de\/Web\/author\/conny\/"}]}},"_links":{"self":[{"href":"https:\/\/www.freiraum-gestalten-menden.de\/Web\/wp-json\/wp\/v2\/posts\/3143"}],"collection":[{"href":"https:\/\/www.freiraum-gestalten-menden.de\/Web\/wp-json\/wp\/v2\/posts"}],"about":[{"href":"https:\/\/www.freiraum-gestalten-menden.de\/Web\/wp-json\/wp\/v2\/types\/post"}],"author":[{"embeddable":true,"href":"https:\/\/www.freiraum-gestalten-menden.de\/Web\/wp-json\/wp\/v2\/users\/2"}],"replies":[{"embeddable":true,"href":"https:\/\/www.freiraum-gestalten-menden.de\/Web\/wp-json\/wp\/v2\/comments?post=3143"}],"version-history":[{"count":1,"href":"https:\/\/www.freiraum-gestalten-menden.de\/Web\/wp-json\/wp\/v2\/posts\/3143\/revisions"}],"predecessor-version":[{"id":3149,"href":"https:\/\/www.freiraum-gestalten-menden.de\/Web\/wp-json\/wp\/v2\/posts\/3143\/revisions\/3149"}],"wp:featuredmedia":[{"embeddable":true,"href":"https:\/\/www.freiraum-gestalten-menden.de\/Web\/wp-json\/wp\/v2\/media\/3144"}],"wp:attachment":[{"href":"https:\/\/www.freiraum-gestalten-menden.de\/Web\/wp-json\/wp\/v2\/media?parent=3143"}],"wp:term":[{"taxonomy":"category","embeddable":true,"href":"https:\/\/www.freiraum-gestalten-menden.de\/Web\/wp-json\/wp\/v2\/categories?post=3143"},{"taxonomy":"post_tag","embeddable":true,"href":"https:\/\/www.freiraum-gestalten-menden.de\/Web\/wp-json\/wp\/v2\/tags?post=3143"}],"curies":[{"name":"wp","href":"https:\/\/api.w.org\/{rel}","templated":true}]}}