{"id":154,"date":"2016-08-19T11:02:13","date_gmt":"2016-08-19T09:02:13","guid":{"rendered":"http:\/\/www.freiraum-gestalten-menden.de\/Web\/?p=154"},"modified":"2024-04-25T13:26:48","modified_gmt":"2024-04-25T11:26:48","slug":"menden-a-la-carte","status":"publish","type":"post","link":"https:\/\/www.freiraum-gestalten-menden.de\/Web\/2016\/08\/19\/menden-a-la-carte\/","title":{"rendered":"Die FreiraumGestalten bei Menden a la carte"},"content":{"rendered":"<p><span id=\"transmark\" style=\"display: none; width: 0px; height: 0px;\"><\/span><strong>Ausstellungser\u00f6ffnung 2.0 zu Menden a la carte<\/strong><br \/>\nDie R\u00e4umlichkeiten in der Innenstadt (ehemals Ihr-Platz) werden zu \u201eMenden a la carte\u201c wieder ge\u00f6ffnet. Am Schlemmerwochende (19.-21.08.2016) begr\u00fc\u00dfen wir Sie am Freitag (ab 17 Uhr) und am Samstag\/Sonntag jeweils ab 11 Uhr. Wir hoffen auf ein sonniges Wochenende und freuen uns auf ein sinnliches Event.<\/p>\n<p>Eine Wegbeschreibung zu den Ausstellungsr\u00e4umlichkeiten (Hauptstrasse 27 \/ Menden) finden Sie auf der Startseite oder <a href=\"https:\/\/www.google.com\/maps?ll=51.43714,7.79602&amp;z=15&amp;t=m&amp;hl=de&amp;gl=US&amp;mapclient=embed&amp;q=Hauptstra%C3%9Fe+27+58706+Menden+(Sauerland)+Deutschland\" target=\"_blank\" rel=\"noopener\">HIER<\/a>.<\/p>\n<p>&nbsp;<\/p>\n","protected":false},"excerpt":{"rendered":"<p>Ausstellungser\u00f6ffnung 2.0 zu Menden a la carte Die R\u00e4umlichkeiten in der Innenstadt (ehemals Ihr-Platz) werden zu \u201eMenden a la carte\u201c wieder ge\u00f6ffnet. Am Schlemmerwochende (19.-21.08.2016) begr\u00fc\u00dfen wir Sie am Freitag (ab 17 Uhr) und am Samstag\/Sonntag jeweils ab 11 Uhr. Wir hoffen auf ein sonniges Wochenende und freuen uns auf ein sinnliches Event. Eine Wegbeschreibung [&hellip;]<\/p>\n","protected":false},"author":1,"featured_media":487,"comment_status":"closed","ping_status":"open","sticky":false,"template":"","format":"standard","meta":{"footnotes":""},"categories":[1],"tags":[],"class_list":["post-154","post","type-post","status-publish","format-standard","has-post-thumbnail","hentry","category-allgemein"],"yoast_head":"<!-- This site is optimized with the Yoast SEO plugin v25.6 - https:\/\/yoast.com\/wordpress\/plugins\/seo\/ -->\n<title>Die FreiraumGestalten bei Menden a la carte - Freiraum Gestalten Menden<\/title>\n<meta name=\"description\" content=\"Neuigkeiten zu den Freiraum Gestalten!\" \/>\n<meta name=\"robots\" content=\"index, follow, max-snippet:-1, max-image-preview:large, max-video-preview:-1\" \/>\n<link rel=\"canonical\" href=\"https:\/\/www.freiraum-gestalten-menden.de\/Web\/2016\/08\/19\/menden-a-la-carte\/\" \/>\n<meta property=\"og:locale\" content=\"de_DE\" \/>\n<meta property=\"og:type\" content=\"article\" \/>\n<meta property=\"og:title\" content=\"Die FreiraumGestalten bei Menden a la carte - Freiraum Gestalten Menden\" \/>\n<meta property=\"og:description\" content=\"Neuigkeiten zu den Freiraum Gestalten!\" \/>\n<meta property=\"og:url\" content=\"https:\/\/www.freiraum-gestalten-menden.de\/Web\/2016\/08\/19\/menden-a-la-carte\/\" \/>\n<meta property=\"og:site_name\" content=\"Freiraum Gestalten Menden\" \/>\n<meta property=\"article:publisher\" content=\"https:\/\/www.facebook.com\/FreiraumGestaltenMenden\" \/>\n<meta property=\"article:published_time\" content=\"2016-08-19T09:02:13+00:00\" \/>\n<meta property=\"article:modified_time\" content=\"2024-04-25T11:26:48+00:00\" \/>\n<meta property=\"og:image\" content=\"https:\/\/www.freiraum-gestalten-menden.de\/Web\/wp-content\/uploads\/2016\/08\/Gemeinschaftsfoto_sw.jpg\" \/>\n\t<meta property=\"og:image:width\" content=\"1900\" \/>\n\t<meta property=\"og:image:height\" content=\"1357\" \/>\n\t<meta property=\"og:image:type\" content=\"image\/jpeg\" \/>\n<meta name=\"author\" content=\"NiCo_FG_Admin\" \/>\n<meta name=\"twitter:card\" content=\"summary_large_image\" \/>\n<meta name=\"twitter:label1\" content=\"Verfasst von\" \/>\n\t<meta name=\"twitter:data1\" content=\"NiCo_FG_Admin\" \/>\n\t<meta name=\"twitter:label2\" content=\"Gesch\u00e4tzte Lesezeit\" \/>\n\t<meta name=\"twitter:data2\" content=\"1\u00a0Minute\" \/>\n<script type=\"application\/ld+json\" class=\"yoast-schema-graph\">{\"@context\":\"https:\/\/schema.org\",\"@graph\":[{\"@type\":\"Article\",\"@id\":\"https:\/\/www.freiraum-gestalten-menden.de\/Web\/2016\/08\/19\/menden-a-la-carte\/#article\",\"isPartOf\":{\"@id\":\"https:\/\/www.freiraum-gestalten-menden.de\/Web\/2016\/08\/19\/menden-a-la-carte\/\"},\"author\":{\"name\":\"NiCo_FG_Admin\",\"@id\":\"https:\/\/www.freiraum-gestalten-menden.de\/Web\/#\/schema\/person\/2edf642b6a8d05ebf4b05b86fa83d51f\"},\"headline\":\"Die FreiraumGestalten bei Menden a la carte\",\"datePublished\":\"2016-08-19T09:02:13+00:00\",\"dateModified\":\"2024-04-25T11:26:48+00:00\",\"mainEntityOfPage\":{\"@id\":\"https:\/\/www.freiraum-gestalten-menden.de\/Web\/2016\/08\/19\/menden-a-la-carte\/\"},\"wordCount\":78,\"publisher\":{\"@id\":\"https:\/\/www.freiraum-gestalten-menden.de\/Web\/#organization\"},\"image\":{\"@id\":\"https:\/\/www.freiraum-gestalten-menden.de\/Web\/2016\/08\/19\/menden-a-la-carte\/#primaryimage\"},\"thumbnailUrl\":\"https:\/\/www.freiraum-gestalten-menden.de\/Web\/wp-content\/uploads\/2016\/08\/Gemeinschaftsfoto_sw.jpg\",\"inLanguage\":\"de\"},{\"@type\":\"WebPage\",\"@id\":\"https:\/\/www.freiraum-gestalten-menden.de\/Web\/2016\/08\/19\/menden-a-la-carte\/\",\"url\":\"https:\/\/www.freiraum-gestalten-menden.de\/Web\/2016\/08\/19\/menden-a-la-carte\/\",\"name\":\"Die FreiraumGestalten bei Menden a la carte - Freiraum Gestalten Menden\",\"isPartOf\":{\"@id\":\"https:\/\/www.freiraum-gestalten-menden.de\/Web\/#website\"},\"primaryImageOfPage\":{\"@id\":\"https:\/\/www.freiraum-gestalten-menden.de\/Web\/2016\/08\/19\/menden-a-la-carte\/#primaryimage\"},\"image\":{\"@id\":\"https:\/\/www.freiraum-gestalten-menden.de\/Web\/2016\/08\/19\/menden-a-la-carte\/#primaryimage\"},\"thumbnailUrl\":\"https:\/\/www.freiraum-gestalten-menden.de\/Web\/wp-content\/uploads\/2016\/08\/Gemeinschaftsfoto_sw.jpg\",\"datePublished\":\"2016-08-19T09:02:13+00:00\",\"dateModified\":\"2024-04-25T11:26:48+00:00\",\"description\":\"Neuigkeiten zu den Freiraum Gestalten!\",\"breadcrumb\":{\"@id\":\"https:\/\/www.freiraum-gestalten-menden.de\/Web\/2016\/08\/19\/menden-a-la-carte\/#breadcrumb\"},\"inLanguage\":\"de\",\"potentialAction\":[{\"@type\":\"ReadAction\",\"target\":[\"https:\/\/www.freiraum-gestalten-menden.de\/Web\/2016\/08\/19\/menden-a-la-carte\/\"]}]},{\"@type\":\"ImageObject\",\"inLanguage\":\"de\",\"@id\":\"https:\/\/www.freiraum-gestalten-menden.de\/Web\/2016\/08\/19\/menden-a-la-carte\/#primaryimage\",\"url\":\"https:\/\/www.freiraum-gestalten-menden.de\/Web\/wp-content\/uploads\/2016\/08\/Gemeinschaftsfoto_sw.jpg\",\"contentUrl\":\"https:\/\/www.freiraum-gestalten-menden.de\/Web\/wp-content\/uploads\/2016\/08\/Gemeinschaftsfoto_sw.jpg\",\"width\":1900,\"height\":1357},{\"@type\":\"BreadcrumbList\",\"@id\":\"https:\/\/www.freiraum-gestalten-menden.de\/Web\/2016\/08\/19\/menden-a-la-carte\/#breadcrumb\",\"itemListElement\":[{\"@type\":\"ListItem\",\"position\":1,\"name\":\"Startseite\",\"item\":\"https:\/\/www.freiraum-gestalten-menden.de\/Web\/\"},{\"@type\":\"ListItem\",\"position\":2,\"name\":\"Die FreiraumGestalten bei Menden a la carte\"}]},{\"@type\":\"WebSite\",\"@id\":\"https:\/\/www.freiraum-gestalten-menden.de\/Web\/#website\",\"url\":\"https:\/\/www.freiraum-gestalten-menden.de\/Web\/\",\"name\":\"Freiraum Gestalten Menden\",\"description\":\"Gemeinschaft Mendener K\u00fcnstler\",\"publisher\":{\"@id\":\"https:\/\/www.freiraum-gestalten-menden.de\/Web\/#organization\"},\"potentialAction\":[{\"@type\":\"SearchAction\",\"target\":{\"@type\":\"EntryPoint\",\"urlTemplate\":\"https:\/\/www.freiraum-gestalten-menden.de\/Web\/?s={search_term_string}\"},\"query-input\":{\"@type\":\"PropertyValueSpecification\",\"valueRequired\":true,\"valueName\":\"search_term_string\"}}],\"inLanguage\":\"de\"},{\"@type\":\"Organization\",\"@id\":\"https:\/\/www.freiraum-gestalten-menden.de\/Web\/#organization\",\"name\":\"Freiraum Gestalten Menden\",\"url\":\"https:\/\/www.freiraum-gestalten-menden.de\/Web\/\",\"logo\":{\"@type\":\"ImageObject\",\"inLanguage\":\"de\",\"@id\":\"https:\/\/www.freiraum-gestalten-menden.de\/Web\/#\/schema\/logo\/image\/\",\"url\":\"https:\/\/www.freiraum-gestalten-menden.de\/Web\/wp-content\/uploads\/2024\/04\/FRG-FB-G.jpg\",\"contentUrl\":\"https:\/\/www.freiraum-gestalten-menden.de\/Web\/wp-content\/uploads\/2024\/04\/FRG-FB-G.jpg\",\"width\":1181,\"height\":1181,\"caption\":\"Freiraum Gestalten Menden\"},\"image\":{\"@id\":\"https:\/\/www.freiraum-gestalten-menden.de\/Web\/#\/schema\/logo\/image\/\"},\"sameAs\":[\"https:\/\/www.facebook.com\/FreiraumGestaltenMenden\"]},{\"@type\":\"Person\",\"@id\":\"https:\/\/www.freiraum-gestalten-menden.de\/Web\/#\/schema\/person\/2edf642b6a8d05ebf4b05b86fa83d51f\",\"name\":\"NiCo_FG_Admin\",\"image\":{\"@type\":\"ImageObject\",\"inLanguage\":\"de\",\"@id\":\"https:\/\/www.freiraum-gestalten-menden.de\/Web\/#\/schema\/person\/image\/\",\"url\":\"https:\/\/secure.gravatar.com\/avatar\/41e91edcce94af85340b0e99a866885f?s=96&d=mm&r=g\",\"contentUrl\":\"https:\/\/secure.gravatar.com\/avatar\/41e91edcce94af85340b0e99a866885f?s=96&d=mm&r=g\",\"caption\":\"NiCo_FG_Admin\"},\"url\":\"https:\/\/www.freiraum-gestalten-menden.de\/Web\/author\/nico_fg_admin\/\"}]}<\/script>\n<!-- \/ Yoast SEO plugin. -->","yoast_head_json":{"title":"Die FreiraumGestalten bei Menden a la carte - Freiraum Gestalten Menden","description":"Neuigkeiten zu den Freiraum Gestalten!","robots":{"index":"index","follow":"follow","max-snippet":"max-snippet:-1","max-image-preview":"max-image-preview:large","max-video-preview":"max-video-preview:-1"},"canonical":"https:\/\/www.freiraum-gestalten-menden.de\/Web\/2016\/08\/19\/menden-a-la-carte\/","og_locale":"de_DE","og_type":"article","og_title":"Die FreiraumGestalten bei Menden a la carte - Freiraum Gestalten Menden","og_description":"Neuigkeiten zu den Freiraum Gestalten!","og_url":"https:\/\/www.freiraum-gestalten-menden.de\/Web\/2016\/08\/19\/menden-a-la-carte\/","og_site_name":"Freiraum Gestalten Menden","article_publisher":"https:\/\/www.facebook.com\/FreiraumGestaltenMenden","article_published_time":"2016-08-19T09:02:13+00:00","article_modified_time":"2024-04-25T11:26:48+00:00","og_image":[{"width":1900,"height":1357,"url":"https:\/\/www.freiraum-gestalten-menden.de\/Web\/wp-content\/uploads\/2016\/08\/Gemeinschaftsfoto_sw.jpg","type":"image\/jpeg"}],"author":"NiCo_FG_Admin","twitter_card":"summary_large_image","twitter_misc":{"Verfasst von":"NiCo_FG_Admin","Gesch\u00e4tzte Lesezeit":"1\u00a0Minute"},"schema":{"@context":"https:\/\/schema.org","@graph":[{"@type":"Article","@id":"https:\/\/www.freiraum-gestalten-menden.de\/Web\/2016\/08\/19\/menden-a-la-carte\/#article","isPartOf":{"@id":"https:\/\/www.freiraum-gestalten-menden.de\/Web\/2016\/08\/19\/menden-a-la-carte\/"},"author":{"name":"NiCo_FG_Admin","@id":"https:\/\/www.freiraum-gestalten-menden.de\/Web\/#\/schema\/person\/2edf642b6a8d05ebf4b05b86fa83d51f"},"headline":"Die FreiraumGestalten bei Menden a la carte","datePublished":"2016-08-19T09:02:13+00:00","dateModified":"2024-04-25T11:26:48+00:00","mainEntityOfPage":{"@id":"https:\/\/www.freiraum-gestalten-menden.de\/Web\/2016\/08\/19\/menden-a-la-carte\/"},"wordCount":78,"publisher":{"@id":"https:\/\/www.freiraum-gestalten-menden.de\/Web\/#organization"},"image":{"@id":"https:\/\/www.freiraum-gestalten-menden.de\/Web\/2016\/08\/19\/menden-a-la-carte\/#primaryimage"},"thumbnailUrl":"https:\/\/www.freiraum-gestalten-menden.de\/Web\/wp-content\/uploads\/2016\/08\/Gemeinschaftsfoto_sw.jpg","inLanguage":"de"},{"@type":"WebPage","@id":"https:\/\/www.freiraum-gestalten-menden.de\/Web\/2016\/08\/19\/menden-a-la-carte\/","url":"https:\/\/www.freiraum-gestalten-menden.de\/Web\/2016\/08\/19\/menden-a-la-carte\/","name":"Die FreiraumGestalten bei Menden a la carte - Freiraum Gestalten Menden","isPartOf":{"@id":"https:\/\/www.freiraum-gestalten-menden.de\/Web\/#website"},"primaryImageOfPage":{"@id":"https:\/\/www.freiraum-gestalten-menden.de\/Web\/2016\/08\/19\/menden-a-la-carte\/#primaryimage"},"image":{"@id":"https:\/\/www.freiraum-gestalten-menden.de\/Web\/2016\/08\/19\/menden-a-la-carte\/#primaryimage"},"thumbnailUrl":"https:\/\/www.freiraum-gestalten-menden.de\/Web\/wp-content\/uploads\/2016\/08\/Gemeinschaftsfoto_sw.jpg","datePublished":"2016-08-19T09:02:13+00:00","dateModified":"2024-04-25T11:26:48+00:00","description":"Neuigkeiten zu den Freiraum Gestalten!","breadcrumb":{"@id":"https:\/\/www.freiraum-gestalten-menden.de\/Web\/2016\/08\/19\/menden-a-la-carte\/#breadcrumb"},"inLanguage":"de","potentialAction":[{"@type":"ReadAction","target":["https:\/\/www.freiraum-gestalten-menden.de\/Web\/2016\/08\/19\/menden-a-la-carte\/"]}]},{"@type":"ImageObject","inLanguage":"de","@id":"https:\/\/www.freiraum-gestalten-menden.de\/Web\/2016\/08\/19\/menden-a-la-carte\/#primaryimage","url":"https:\/\/www.freiraum-gestalten-menden.de\/Web\/wp-content\/uploads\/2016\/08\/Gemeinschaftsfoto_sw.jpg","contentUrl":"https:\/\/www.freiraum-gestalten-menden.de\/Web\/wp-content\/uploads\/2016\/08\/Gemeinschaftsfoto_sw.jpg","width":1900,"height":1357},{"@type":"BreadcrumbList","@id":"https:\/\/www.freiraum-gestalten-menden.de\/Web\/2016\/08\/19\/menden-a-la-carte\/#breadcrumb","itemListElement":[{"@type":"ListItem","position":1,"name":"Startseite","item":"https:\/\/www.freiraum-gestalten-menden.de\/Web\/"},{"@type":"ListItem","position":2,"name":"Die FreiraumGestalten bei Menden a la carte"}]},{"@type":"WebSite","@id":"https:\/\/www.freiraum-gestalten-menden.de\/Web\/#website","url":"https:\/\/www.freiraum-gestalten-menden.de\/Web\/","name":"Freiraum Gestalten Menden","description":"Gemeinschaft Mendener K\u00fcnstler","publisher":{"@id":"https:\/\/www.freiraum-gestalten-menden.de\/Web\/#organization"},"potentialAction":[{"@type":"SearchAction","target":{"@type":"EntryPoint","urlTemplate":"https:\/\/www.freiraum-gestalten-menden.de\/Web\/?s={search_term_string}"},"query-input":{"@type":"PropertyValueSpecification","valueRequired":true,"valueName":"search_term_string"}}],"inLanguage":"de"},{"@type":"Organization","@id":"https:\/\/www.freiraum-gestalten-menden.de\/Web\/#organization","name":"Freiraum Gestalten Menden","url":"https:\/\/www.freiraum-gestalten-menden.de\/Web\/","logo":{"@type":"ImageObject","inLanguage":"de","@id":"https:\/\/www.freiraum-gestalten-menden.de\/Web\/#\/schema\/logo\/image\/","url":"https:\/\/www.freiraum-gestalten-menden.de\/Web\/wp-content\/uploads\/2024\/04\/FRG-FB-G.jpg","contentUrl":"https:\/\/www.freiraum-gestalten-menden.de\/Web\/wp-content\/uploads\/2024\/04\/FRG-FB-G.jpg","width":1181,"height":1181,"caption":"Freiraum Gestalten Menden"},"image":{"@id":"https:\/\/www.freiraum-gestalten-menden.de\/Web\/#\/schema\/logo\/image\/"},"sameAs":["https:\/\/www.facebook.com\/FreiraumGestaltenMenden"]},{"@type":"Person","@id":"https:\/\/www.freiraum-gestalten-menden.de\/Web\/#\/schema\/person\/2edf642b6a8d05ebf4b05b86fa83d51f","name":"NiCo_FG_Admin","image":{"@type":"ImageObject","inLanguage":"de","@id":"https:\/\/www.freiraum-gestalten-menden.de\/Web\/#\/schema\/person\/image\/","url":"https:\/\/secure.gravatar.com\/avatar\/41e91edcce94af85340b0e99a866885f?s=96&d=mm&r=g","contentUrl":"https:\/\/secure.gravatar.com\/avatar\/41e91edcce94af85340b0e99a866885f?s=96&d=mm&r=g","caption":"NiCo_FG_Admin"},"url":"https:\/\/www.freiraum-gestalten-menden.de\/Web\/author\/nico_fg_admin\/"}]}},"_links":{"self":[{"href":"https:\/\/www.freiraum-gestalten-menden.de\/Web\/wp-json\/wp\/v2\/posts\/154"}],"collection":[{"href":"https:\/\/www.freiraum-gestalten-menden.de\/Web\/wp-json\/wp\/v2\/posts"}],"about":[{"href":"https:\/\/www.freiraum-gestalten-menden.de\/Web\/wp-json\/wp\/v2\/types\/post"}],"author":[{"embeddable":true,"href":"https:\/\/www.freiraum-gestalten-menden.de\/Web\/wp-json\/wp\/v2\/users\/1"}],"replies":[{"embeddable":true,"href":"https:\/\/www.freiraum-gestalten-menden.de\/Web\/wp-json\/wp\/v2\/comments?post=154"}],"version-history":[{"count":0,"href":"https:\/\/www.freiraum-gestalten-menden.de\/Web\/wp-json\/wp\/v2\/posts\/154\/revisions"}],"wp:featuredmedia":[{"embeddable":true,"href":"https:\/\/www.freiraum-gestalten-menden.de\/Web\/wp-json\/wp\/v2\/media\/487"}],"wp:attachment":[{"href":"https:\/\/www.freiraum-gestalten-menden.de\/Web\/wp-json\/wp\/v2\/media?parent=154"}],"wp:term":[{"taxonomy":"category","embeddable":true,"href":"https:\/\/www.freiraum-gestalten-menden.de\/Web\/wp-json\/wp\/v2\/categories?post=154"},{"taxonomy":"post_tag","embeddable":true,"href":"https:\/\/www.freiraum-gestalten-menden.de\/Web\/wp-json\/wp\/v2\/tags?post=154"}],"curies":[{"name":"wp","href":"https:\/\/api.w.org\/{rel}","templated":true}]}}